{"id":13424,"date":"2026-09-02T13:43:51","date_gmt":"2026-09-02T16:43:51","guid":{"rendered":"https:\/\/www.ucse.edu.ar\/notiucse\/?p=13424"},"modified":"2026-09-02T13:43:53","modified_gmt":"2026-09-02T16:43:53","slug":"se-reprogramo-el-inicio-del-curso-finanzas-para-emprendedores-en-la-ucse","status":"publish","type":"post","link":"https:\/\/www.ucse.edu.ar\/notiucse\/2026\/09\/02\/se-reprogramo-el-inicio-del-curso-finanzas-para-emprendedores-en-la-ucse\/","title":{"rendered":"Se reprogram\u00f3 el inicio del curso \u201cFinanzas para Emprendedores\u201d en la UCSE"},"content":{"rendered":"\n<p class=\"wp-block-paragraph\">El inicio del curso de extensi\u00f3n <strong>\u201cFinanzas para Emprendedores\u201d<\/strong>, organizado por la Facultad de Ciencias Econ\u00f3micas y la <strong>Licenciatura en Comercio Exterior<\/strong> de la Universidad Cat\u00f3lica de Santiago del Estero, fue reprogramado para el <strong>martes 15 de septiembre<\/strong> a las 16 horas.<\/p>\n\n\n\n<p class=\"wp-block-paragraph\">La primera jornada se desarrollar\u00e1 en el aula 2\u00b0 1\u00b0 del Colegio Hermanas Hermas en el Campus UCSE. La propuesta estar\u00e1 a cargo del <strong>Esp. Miqueas Daniel Coronel Ledesma<\/strong> y tendr\u00e1 una duraci\u00f3n total de <strong>36 horas<\/strong>, con una modalidad presencial que contar\u00e1 tambi\u00e9n con instancias virtuales.<\/p>\n\n\n\n<p class=\"wp-block-paragraph\">El curso busca acercar herramientas financieras que permitan mejorar la planificaci\u00f3n y la toma de decisiones dentro de emprendimientos y peque\u00f1as y medianas empresas. Entre los contenidos previstos se encuentran la <strong>elaboraci\u00f3n de<\/strong> <strong>presupuestos<\/strong>, <strong>flujo de caja, an\u00e1lisis de costos, punto de equilibrio<\/strong> y <strong>alternativas de financiamiento<\/strong>.<\/p>\n\n\n\n<p class=\"wp-block-paragraph\">La capacitaci\u00f3n est\u00e1 dirigida a <strong>emprendedores<\/strong>, propietarios de <strong>pymes <\/strong>y <strong>profesionales independientes, estudiantes<\/strong> y <strong>p\u00fablico <\/strong>en general que busque incorporar conocimientos aplicables a la administraci\u00f3n de un negocio. Desde la organizaci\u00f3n, destacaron que no es necesario contar con conocimientos previos en finanzas para la participaci\u00f3n en el curso.<\/p>\n\n\n\n<p class=\"wp-block-paragraph\">Adem\u00e1s, los participantes recibir\u00e1n una <strong>certificaci\u00f3n <\/strong>otorgada por la UCSE y pueden inscribirse a trav\u00e9s del siguiente enlace: https:\/\/apps.ucse.edu.ar\/inscripciones.aspx?CodCurso=CU01095.<\/p>\n","protected":false},"excerpt":{"rendered":"<p>La capacitaci\u00f3n comenzar\u00e1 el martes 15 de septiembre y estar\u00e1 destinada a emprendedores, propietarios de pymes, profesionales, estudiantes y personas interesadas en adquirir herramientas para la gesti\u00f3n financiera de sus negocios.<\/p>\n","protected":false},"author":6,"featured_media":12320,"comment_status":"closed","ping_status":"closed","sticky":false,"template":"","format":"standard","meta":{"_exactmetrics_skip_tracking":false,"_exactmetrics_sitenote_active":false,"_exactmetrics_sitenote_note":"","_exactmetrics_sitenote_category":0,"footnotes":""},"categories":[8],"tags":[],"class_list":["post-13424","post","type-post","status-publish","format-standard","has-post-thumbnail","hentry","category-fce"],"_links":{"self":[{"href":"https:\/\/www.ucse.edu.ar\/notiucse\/wp-json\/wp\/v2\/posts\/13424","targetHints":{"allow":["GET"]}}],"collection":[{"href":"https:\/\/www.ucse.edu.ar\/notiucse\/wp-json\/wp\/v2\/posts"}],"about":[{"href":"https:\/\/www.ucse.edu.ar\/notiucse\/wp-json\/wp\/v2\/types\/post"}],"author":[{"embeddable":true,"href":"https:\/\/www.ucse.edu.ar\/notiucse\/wp-json\/wp\/v2\/users\/6"}],"replies":[{"embeddable":true,"href":"https:\/\/www.ucse.edu.ar\/notiucse\/wp-json\/wp\/v2\/comments?post=13424"}],"version-history":[{"count":1,"href":"https:\/\/www.ucse.edu.ar\/notiucse\/wp-json\/wp\/v2\/posts\/13424\/revisions"}],"predecessor-version":[{"id":13425,"href":"https:\/\/www.ucse.edu.ar\/notiucse\/wp-json\/wp\/v2\/posts\/13424\/revisions\/13425"}],"wp:featuredmedia":[{"embeddable":true,"href":"https:\/\/www.ucse.edu.ar\/notiucse\/wp-json\/wp\/v2\/media\/12320"}],"wp:attachment":[{"href":"https:\/\/www.ucse.edu.ar\/notiucse\/wp-json\/wp\/v2\/media?parent=13424"}],"wp:term":[{"taxonomy":"category","embeddable":true,"href":"https:\/\/www.ucse.edu.ar\/notiucse\/wp-json\/wp\/v2\/categories?post=13424"},{"taxonomy":"post_tag","embeddable":true,"href":"https:\/\/www.ucse.edu.ar\/notiucse\/wp-json\/wp\/v2\/tags?post=13424"}],"curies":[{"name":"wp","href":"https:\/\/api.w.org\/{rel}","templated":true}]}}