{"id":13429,"date":"2026-09-02T15:54:04","date_gmt":"2026-09-02T18:54:04","guid":{"rendered":"https:\/\/www.ucse.edu.ar\/notiucse\/?p=13429"},"modified":"2026-09-02T15:55:49","modified_gmt":"2026-09-02T18:55:49","slug":"ucse-capacitara-mediadores-penales-juveniles-en-el-marco-de-la-nueva-legislacion-provincial","status":"publish","type":"post","link":"https:\/\/www.ucse.edu.ar\/notiucse\/2026\/09\/02\/ucse-capacitara-mediadores-penales-juveniles-en-el-marco-de-la-nueva-legislacion-provincial\/","title":{"rendered":"UCSE capacitar\u00e1 mediadores penales juveniles en el marco de la nueva legislaci\u00f3n provincial"},"content":{"rendered":"\n<p class=\"wp-block-paragraph\">La Facultad de Ciencias Pol\u00edticas, Sociales y Jur\u00eddicas de la Universidad Cat\u00f3lica de Santiago del Estero capacitar\u00e1 a profesionales que se desempe\u00f1ar\u00e1n como <strong>mediadores penales juveniles<\/strong>, a partir de un acuerdo con el <strong>Ministerio de Justicia y Derechos Humanos de la Provincia de Santiago del Estero.<\/strong><\/p>\n\n\n\n<p class=\"wp-block-paragraph\">La iniciativa se llevar\u00e1 adelante en el marco de la reciente aprobaci\u00f3n de la Ley Provincial <strong>N.\u00b0 27.801<\/strong>, que establece un r\u00e9gimen penal aplicable a adolescentes de entre 14 y 18 a\u00f1os que sean imputados por hechos tipificados como delitos en el C\u00f3digo Penal o en leyes especiales penales.<\/p>\n\n\n\n<p class=\"wp-block-paragraph\">En este contexto, la propuesta de formaci\u00f3n busca brindar herramientas espec\u00edficas para quienes intervengan en <strong>procesos de mediaci\u00f3n penal juvenil<\/strong>, atendiendo a las particularidades que presenta el abordaje de adolescentes en conflicto con la ley penal.<\/p>\n\n\n\n<p class=\"wp-block-paragraph\">El programa constituye una instancia de articulaci\u00f3n entre la <strong>universidad <\/strong>y el <strong>Estado provincial<\/strong>, orientada a fortalecer la formaci\u00f3n de los profesionales que tendr\u00e1n intervenci\u00f3n en la implementaci\u00f3n del nuevo r\u00e9gimen.<\/p>\n\n\n\n<p class=\"wp-block-paragraph\">La Ley 27.801 establece un marco espec\u00edfico para el tratamiento penal de adolescentes y contempla un \u00e1mbito de aplicaci\u00f3n que se extiende desde los <strong>14 a\u00f1os<\/strong> hasta las cero horas del d\u00eda en que cumplen <strong>18 a\u00f1os<\/strong>, cuando se les atribuya la comisi\u00f3n de un delito.<\/p>\n\n\n\n<p class=\"wp-block-paragraph\">De esta manera, la capacitaci\u00f3n impulsada por la FCPSyJ de la UCSE se incorpora como parte de las acciones necesarias para acompa\u00f1ar la implementaci\u00f3n del nuevo r\u00e9gimen penal juvenil en la provincia.<\/p>\n","protected":false},"excerpt":{"rendered":"<p>Encabezada por la FCPSyJ, se desarrollar\u00e1 un programa formativo especial en acuerdo con el Ministerio de Justicia y Derechos Humanos de la provincia.<\/p>\n","protected":false},"author":6,"featured_media":12992,"comment_status":"closed","ping_status":"closed","sticky":false,"template":"","format":"standard","meta":{"_exactmetrics_skip_tracking":false,"_exactmetrics_sitenote_active":false,"_exactmetrics_sitenote_note":"","_exactmetrics_sitenote_category":0,"footnotes":""},"categories":[5],"tags":[206,33],"class_list":["post-13429","post","type-post","status-publish","format-standard","has-post-thumbnail","hentry","category-fcpsyj","tag-capacitacion","tag-fcpsyj-2"],"_links":{"self":[{"href":"https:\/\/www.ucse.edu.ar\/notiucse\/wp-json\/wp\/v2\/posts\/13429","targetHints":{"allow":["GET"]}}],"collection":[{"href":"https:\/\/www.ucse.edu.ar\/notiucse\/wp-json\/wp\/v2\/posts"}],"about":[{"href":"https:\/\/www.ucse.edu.ar\/notiucse\/wp-json\/wp\/v2\/types\/post"}],"author":[{"embeddable":true,"href":"https:\/\/www.ucse.edu.ar\/notiucse\/wp-json\/wp\/v2\/users\/6"}],"replies":[{"embeddable":true,"href":"https:\/\/www.ucse.edu.ar\/notiucse\/wp-json\/wp\/v2\/comments?post=13429"}],"version-history":[{"count":3,"href":"https:\/\/www.ucse.edu.ar\/notiucse\/wp-json\/wp\/v2\/posts\/13429\/revisions"}],"predecessor-version":[{"id":13433,"href":"https:\/\/www.ucse.edu.ar\/notiucse\/wp-json\/wp\/v2\/posts\/13429\/revisions\/13433"}],"wp:featuredmedia":[{"embeddable":true,"href":"https:\/\/www.ucse.edu.ar\/notiucse\/wp-json\/wp\/v2\/media\/12992"}],"wp:attachment":[{"href":"https:\/\/www.ucse.edu.ar\/notiucse\/wp-json\/wp\/v2\/media?parent=13429"}],"wp:term":[{"taxonomy":"category","embeddable":true,"href":"https:\/\/www.ucse.edu.ar\/notiucse\/wp-json\/wp\/v2\/categories?post=13429"},{"taxonomy":"post_tag","embeddable":true,"href":"https:\/\/www.ucse.edu.ar\/notiucse\/wp-json\/wp\/v2\/tags?post=13429"}],"curies":[{"name":"wp","href":"https:\/\/api.w.org\/{rel}","templated":true}]}}