{"id":13436,"date":"2026-09-04T16:33:03","date_gmt":"2026-09-04T19:33:03","guid":{"rendered":"https:\/\/www.ucse.edu.ar\/notiucse\/?p=13436"},"modified":"2026-09-04T16:33:05","modified_gmt":"2026-09-04T19:33:05","slug":"la-licenciatura-de-comunicacion-social-de-ucse-participo-de-las-primeras-jornadas-de-comunicacion-en-frias","status":"publish","type":"post","link":"https:\/\/www.ucse.edu.ar\/notiucse\/2026\/09\/04\/la-licenciatura-de-comunicacion-social-de-ucse-participo-de-las-primeras-jornadas-de-comunicacion-en-frias\/","title":{"rendered":"La Licenciatura de Comunicaci\u00f3n Social de UCSE particip\u00f3 de las Primeras Jornadas de Comunicaci\u00f3n en Fr\u00edas"},"content":{"rendered":"\n<p class=\"wp-block-paragraph\">La <strong>Licenciatura en Comunicaci\u00f3n Social<\/strong>, de la Facultad de Ciencias para la Innovaci\u00f3n y el Desarrollo de la Universidad Cat\u00f3lica de Santiago del Estero, particip\u00f3 de las <strong>Primeras Jornadas de Comunicaci\u00f3n<\/strong> en la <strong>Ciudad de Fr\u00edas<\/strong> organizadas por el nivel secundario del <strong>Instituto Superior Teresa B. Barbieri<\/strong>, los d\u00edas viernes 28 y s\u00e1bado 29 de agosto.<\/p>\n\n\n\n<p class=\"wp-block-paragraph\">Entre las actividades, se destac\u00f3 la presencia de autoridades de la carrera, encabezada por su directora, <strong>Lic. Jessica Escalada<\/strong>, junto a los docentes <strong>Lic. Fernanda Raschi<\/strong>, <strong>Lic, Jos\u00e9 Nu\u00f1ez<\/strong>, <strong>Lic. Pablo Arga\u00f1araz<\/strong>, <strong>Lic. Juan Pablo Salom\u00f3n<\/strong> y el <strong>Tec. Juan Cruz Figueroa Zanotti<\/strong>.<\/p>\n\n\n\n<p class=\"wp-block-paragraph\">El viernes se realiz\u00f3 el acto de apertura en la Casa de la Cultura donde participaron las autoridades del Instituto Superior Teresa B. de Barbieri, la Rectora, <strong>Prof. Andrea Ferreyra<\/strong>; la Representante Legal, <strong>Prof. Marianela Senki<\/strong>; y el <strong>Prof. Pablo Barrionuevo<\/strong>, organizador del evento. Tras la inauguraci\u00f3n, se llev\u00f3 a cabo el primer conversatorio sobre <strong>\u201cLa importancia de la formaci\u00f3n acad\u00e9mica en Comunicaci\u00f3n Social y el Periodismo\u201d<\/strong>, a cargo de la Lic. Valeria V\u00e1squez (Escuela Normal &#8211; Fr\u00edas), el Lic. Juan Jos\u00e9 Rojas (IES), la Lic. Esp. Jesica Escalada (UCSE), el Lic. Jos\u00e9 Nu\u00f1ez (UCSE), la Lic. Fernanda Raschi (UCSE) y el Lic. Juan Pablo Salom\u00f3n.<\/p>\n\n\n\n<p class=\"wp-block-paragraph\">El s\u00e1bado continuaron las actividades con una serie de talleres a cargo de docentes de UCSE:<\/p>\n\n\n\n<ul class=\"wp-block-list\">\n<li><strong>\u201cTecnolog\u00edas del Dise\u00f1o\u201d <\/strong>\u2013 Lic. Jos\u00e9 Nu\u00f1ez<\/li>\n\n\n\n<li><strong>\u201cNarrativas Multimediales\u201d<\/strong> \u2013 Lic. Pablo Arga\u00f1araz y Tec. Juan Cruz Figueroa Zanotti<\/li>\n\n\n\n<li><strong>\u201cComunicaci\u00f3n e Inteligencia Artificial\u201d<\/strong> \u2013 Lic. Juan Pablo Salom\u00f3n<\/li>\n\n\n\n<li><strong>\u201cComunicaci\u00f3n Institucional 360\u00b0, entre lo tradicional y digital\u201d<\/strong> \u2013 Lic. Pablo Arga\u00f1araz y Lic. Fernanda Raschi<\/li>\n<\/ul>\n\n\n\n<p class=\"wp-block-paragraph\">Con esta participaci\u00f3n, la Licenciatura en Comunicaci\u00f3n Social de UCSE reafirma su compromiso con la formaci\u00f3n de futuros comunicadores y el fortalecimiento de v\u00ednculos con instituciones educativas de la regi\u00f3n.<\/p>\n","protected":false},"excerpt":{"rendered":"<p>La Jornada fue organizada por el Instituto Superior Teresa B. Barbieri de la Ciudad de Fr\u00edas y cont\u00f3 con la presencia de autoridades de la carrera de Comunicaci\u00f3n Social.<\/p>\n","protected":false},"author":6,"featured_media":1268,"comment_status":"closed","ping_status":"closed","sticky":false,"template":"","format":"standard","meta":{"_exactmetrics_skip_tracking":false,"_exactmetrics_sitenote_active":false,"_exactmetrics_sitenote_note":"","_exactmetrics_sitenote_category":0,"footnotes":""},"categories":[10],"tags":[169,155,266],"class_list":["post-13436","post","type-post","status-publish","format-standard","has-post-thumbnail","hentry","category-fcpid","tag-comunicacionsocial","tag-fcid","tag-frias-2"],"_links":{"self":[{"href":"https:\/\/www.ucse.edu.ar\/notiucse\/wp-json\/wp\/v2\/posts\/13436","targetHints":{"allow":["GET"]}}],"collection":[{"href":"https:\/\/www.ucse.edu.ar\/notiucse\/wp-json\/wp\/v2\/posts"}],"about":[{"href":"https:\/\/www.ucse.edu.ar\/notiucse\/wp-json\/wp\/v2\/types\/post"}],"author":[{"embeddable":true,"href":"https:\/\/www.ucse.edu.ar\/notiucse\/wp-json\/wp\/v2\/users\/6"}],"replies":[{"embeddable":true,"href":"https:\/\/www.ucse.edu.ar\/notiucse\/wp-json\/wp\/v2\/comments?post=13436"}],"version-history":[{"count":2,"href":"https:\/\/www.ucse.edu.ar\/notiucse\/wp-json\/wp\/v2\/posts\/13436\/revisions"}],"predecessor-version":[{"id":13449,"href":"https:\/\/www.ucse.edu.ar\/notiucse\/wp-json\/wp\/v2\/posts\/13436\/revisions\/13449"}],"wp:featuredmedia":[{"embeddable":true,"href":"https:\/\/www.ucse.edu.ar\/notiucse\/wp-json\/wp\/v2\/media\/1268"}],"wp:attachment":[{"href":"https:\/\/www.ucse.edu.ar\/notiucse\/wp-json\/wp\/v2\/media?parent=13436"}],"wp:term":[{"taxonomy":"category","embeddable":true,"href":"https:\/\/www.ucse.edu.ar\/notiucse\/wp-json\/wp\/v2\/categories?post=13436"},{"taxonomy":"post_tag","embeddable":true,"href":"https:\/\/www.ucse.edu.ar\/notiucse\/wp-json\/wp\/v2\/tags?post=13436"}],"curies":[{"name":"wp","href":"https:\/\/api.w.org\/{rel}","templated":true}]}}