{"id":13441,"date":"2026-09-04T15:32:53","date_gmt":"2026-09-04T18:32:53","guid":{"rendered":"https:\/\/www.ucse.edu.ar\/notiucse\/?p=13441"},"modified":"2026-09-04T15:47:45","modified_gmt":"2026-09-04T18:47:45","slug":"estudiantes-de-la-ucse-participaron-del-x-rally-de-innovacion-santiago-te-desafia-2026","status":"publish","type":"post","link":"https:\/\/www.ucse.edu.ar\/notiucse\/2026\/09\/04\/estudiantes-de-la-ucse-participaron-del-x-rally-de-innovacion-santiago-te-desafia-2026\/","title":{"rendered":"Estudiantes de la UCSE participaron del X Rally de Innovaci\u00f3n \u201cSantiago te desaf\u00eda\u201d 2026"},"content":{"rendered":"\n<p class=\"wp-block-paragraph\">Santiago del Estero fue una vez m\u00e1s escenario del <strong>Rally de Innovaci\u00f3n &#8220;Santiago te desaf\u00eda&#8221;<\/strong>, que lleg\u00f3 este a\u00f1o a su d\u00e9cima edici\u00f3n. El evento convoc\u00f3 a j\u00f3venes de UCSE, UNSE, del ITSE y de escuelas t\u00e9cnicas de la provincia, quienes se sumaron a una jornada de trabajo intensivo pensada para desarrollar ideas y soluciones innovadoras a partir de problem\u00e1ticas reales. El evento se realiz\u00f3 el viernes 28 de agosto en el <strong>Nodo Tecnol\u00f3gico<\/strong>.<\/p>\n\n\n\n<p class=\"wp-block-paragraph\">La apertura del encuentro cont\u00f3 con la presencia del secretario de Ciencia y Tecnolog\u00eda, <strong>Adri\u00e1n Su\u00e1rez<\/strong>, y del rector de la UCSE, <strong>Ing.<\/strong> <strong>Luis Lucena,<\/strong> quienes acompa\u00f1aron junto a otras autoridades y referentes institucionales a los miembros del comit\u00e9 organizador.<\/p>\n\n\n\n<p class=\"wp-block-paragraph\">En total, <strong>12 equipos<\/strong> se distribuyeron para competir, poniendo en juego no solo los conocimientos t\u00e9cnicos adquiridos durante su formaci\u00f3n, sino tambi\u00e9n su capacidad de trabajo colaborativo y su creatividad para resolver consignas concretas. Para muchos de los participantes, la experiencia funcion\u00f3 adem\u00e1s como un primer acercamiento a la din\u00e1mica del <strong>Rally Latinoamericano de Innovaci\u00f3n<\/strong>, instancia regional que se desarrollar\u00e1 los d\u00edas <strong>17 y 18 de octubre<\/strong> para la que este certamen local sirve como preparaci\u00f3n.<\/p>\n\n\n\n<p class=\"wp-block-paragraph\">Entre los proyectos que se destacaron, en la categor\u00eda <strong>Impacto Social<\/strong> se impuso el equipo <strong>Metas Unidas<\/strong>, que abord\u00f3 el desaf\u00edo vinculado a las motos y la seguridad vial en Santiago del Estero. Su propuesta consisti\u00f3 en un <strong>sistema inteligente<\/strong> que combina sensores, c\u00e1maras e inteligencia artificial para detectar infracciones y aportar a una movilidad m\u00e1s segura en la provincia. El equipo estuvo integrado por <strong>Ezequiel Joaqu\u00edn Rossetti Carrasco, Paulo L\u00f3pez De Bonis y Ana Victoria Quiroga, <\/strong>de la<strong> UCSE<\/strong>, junto a <strong>Alexander Joaqu\u00edn Rivas<\/strong> y <strong>Mar\u00eda de las Mercedes Leoni<\/strong>, de la <strong>UNSE<\/strong>.<\/p>\n\n\n\n<p class=\"wp-block-paragraph\">En la categor\u00eda <strong>Innovaci\u00f3n<\/strong>, el reconocimiento fue para el equipo <strong>E 404<\/strong>, que trabaj\u00f3 sobre la problem\u00e1tica del fen\u00f3meno El Ni\u00f1o en la provincia. Bajo el nombre <strong>SATRIS <\/strong>(Sistema de Alerta Temprana y Resguardo ante Inundaciones en Santiago), el grupo dise\u00f1\u00f3 una herramienta que cruza <strong>sensores<\/strong>, <strong>datos hist\u00f3ricos<\/strong> y <strong>machine learning<\/strong> para anticipar situaciones de riesgo y sumar mecanismos de protecci\u00f3n frente a posibles crecidas. Integraron este equipo <strong>Bruno Ezequiel Mosqueda, Esteban Agust\u00edn Cejas, Nahuel Espinosa y Santiago Emmanuel Rearte<\/strong>, de la <strong>UCSE<\/strong>; <strong>Bruno Emanuel Cruz Ver\u00f3n<\/strong>, de la <strong>Escuela T\u00e9cnica N.\u00ba 1<\/strong>; <strong>Eileen Lin<\/strong> y <strong>Agust\u00edn Exequiel Coria Trujillo<\/strong>, de la <strong>UNSE<\/strong>; y <strong>Eduardo Ariel Zerpa<\/strong>, del <strong>ITSE<\/strong>.<\/p>\n","protected":false},"excerpt":{"rendered":"<p>Universitarios, estudiantes del ITSE y de escuelas t\u00e9cnicas volvieron a poner a prueba su creatividad en una nueva edici\u00f3n del certamen, que ya suma diez ediciones y funciona como antesala del Rally Latinoamericano de Innovaci\u00f3n.<\/p>\n","protected":false},"author":6,"featured_media":1726,"comment_status":"closed","ping_status":"closed","sticky":false,"template":"","format":"standard","meta":{"_exactmetrics_skip_tracking":false,"_exactmetrics_sitenote_active":false,"_exactmetrics_sitenote_note":"","_exactmetrics_sitenote_category":0,"footnotes":""},"categories":[73,72],"tags":[52,39,196,267],"class_list":["post-13441","post","type-post","status-publish","format-standard","has-post-thumbnail","hentry","category-institucionales","category-sede-sgo","tag-alumnosucse","tag-institucional-2","tag-rallydeinnovacion","tag-santiagotedesafia"],"_links":{"self":[{"href":"https:\/\/www.ucse.edu.ar\/notiucse\/wp-json\/wp\/v2\/posts\/13441","targetHints":{"allow":["GET"]}}],"collection":[{"href":"https:\/\/www.ucse.edu.ar\/notiucse\/wp-json\/wp\/v2\/posts"}],"about":[{"href":"https:\/\/www.ucse.edu.ar\/notiucse\/wp-json\/wp\/v2\/types\/post"}],"author":[{"embeddable":true,"href":"https:\/\/www.ucse.edu.ar\/notiucse\/wp-json\/wp\/v2\/users\/6"}],"replies":[{"embeddable":true,"href":"https:\/\/www.ucse.edu.ar\/notiucse\/wp-json\/wp\/v2\/comments?post=13441"}],"version-history":[{"count":3,"href":"https:\/\/www.ucse.edu.ar\/notiucse\/wp-json\/wp\/v2\/posts\/13441\/revisions"}],"predecessor-version":[{"id":13445,"href":"https:\/\/www.ucse.edu.ar\/notiucse\/wp-json\/wp\/v2\/posts\/13441\/revisions\/13445"}],"wp:featuredmedia":[{"embeddable":true,"href":"https:\/\/www.ucse.edu.ar\/notiucse\/wp-json\/wp\/v2\/media\/1726"}],"wp:attachment":[{"href":"https:\/\/www.ucse.edu.ar\/notiucse\/wp-json\/wp\/v2\/media?parent=13441"}],"wp:term":[{"taxonomy":"category","embeddable":true,"href":"https:\/\/www.ucse.edu.ar\/notiucse\/wp-json\/wp\/v2\/categories?post=13441"},{"taxonomy":"post_tag","embeddable":true,"href":"https:\/\/www.ucse.edu.ar\/notiucse\/wp-json\/wp\/v2\/tags?post=13441"}],"curies":[{"name":"wp","href":"https:\/\/api.w.org\/{rel}","templated":true}]}}