{"id":1361,"date":"2016-07-02T00:26:48","date_gmt":"2016-07-02T00:26:48","guid":{"rendered":"http:\/\/www.ucse.edu.ar\/notiucse\/?p=1361"},"modified":"2016-07-02T00:26:48","modified_gmt":"2016-07-02T00:26:48","slug":"mama-antula-jornada-de-reflexion","status":"publish","type":"post","link":"https:\/\/www.ucse.edu.ar\/notiucse\/2016\/07\/02\/mama-antula-jornada-de-reflexion\/","title":{"rendered":"Mama Antula: Jornada de reflexi\u00f3n"},"content":{"rendered":"<p><a href=\"http:\/\/www.ucse.edu.ar\/notiucse\/wp-content\/uploads\/2016\/07\/mama.jpg\"><img fetchpriority=\"high\" decoding=\"async\" class=\"aligncenter size-full wp-image-1374\" src=\"http:\/\/www.ucse.edu.ar\/notiucse\/wp-content\/uploads\/2016\/07\/mama.jpg\" alt=\"mama\" width=\"620\" height=\"421\" srcset=\"https:\/\/www.ucse.edu.ar\/notiucse\/wp-content\/uploads\/2016\/07\/mama.jpg 620w, https:\/\/www.ucse.edu.ar\/notiucse\/wp-content\/uploads\/2016\/07\/mama-300x204.jpg 300w\" sizes=\"(max-width: 620px) 100vw, 620px\" \/><\/a>El Obispado de Santiago del Estero, en preparaci\u00f3n a la Beatificaci\u00f3n de Mar\u00eda Antonia de San Jos\u00e9 -Mama Antula- invita a la jornada de reflexi\u00f3n para docentes santiague\u00f1os el d\u00eda martes 12 de julio a las 8:30 en el FORUM Centro de Convenciones y Exposiciones, ubicado en Per\u00fa 511.<\/p>\n<p>La misma contar\u00e1 con la presencia de Cardenal Primado de Argentina, Mons. Mario Aurelio Poli, quien disertar\u00e1 sobre &#8220;La Misi\u00f3n de Mama Antula, la importancia en la educaci\u00f3n&#8221;.<\/p>\n<p>Se espera contar con su valiosa presencia.<\/p>\n","protected":false},"excerpt":{"rendered":"<p>El Obispado de Santiago del Estero, en preparaci\u00f3n a la Beatificaci\u00f3n de Mar\u00eda Antonia de San Jos\u00e9 -Mama Antula- invita a la jornada de reflexi\u00f3n para docentes santiague\u00f1os el d\u00eda martes 12 de julio a las 8:30 en el FORUM Centro de Convenciones y Exposiciones, ubicado en Per\u00fa 511. La misma contar\u00e1 con la presencia [&hellip;]<\/p>\n","protected":false},"author":1,"featured_media":1374,"comment_status":"closed","ping_status":"closed","sticky":false,"template":"","format":"standard","meta":{"_exactmetrics_skip_tracking":false,"_exactmetrics_sitenote_active":false,"_exactmetrics_sitenote_note":"","_exactmetrics_sitenote_category":0,"footnotes":""},"categories":[7],"tags":[],"class_list":["post-1361","post","type-post","status-publish","format-standard","has-post-thumbnail","hentry","category-facultades"],"_links":{"self":[{"href":"https:\/\/www.ucse.edu.ar\/notiucse\/wp-json\/wp\/v2\/posts\/1361","targetHints":{"allow":["GET"]}}],"collection":[{"href":"https:\/\/www.ucse.edu.ar\/notiucse\/wp-json\/wp\/v2\/posts"}],"about":[{"href":"https:\/\/www.ucse.edu.ar\/notiucse\/wp-json\/wp\/v2\/types\/post"}],"author":[{"embeddable":true,"href":"https:\/\/www.ucse.edu.ar\/notiucse\/wp-json\/wp\/v2\/users\/1"}],"replies":[{"embeddable":true,"href":"https:\/\/www.ucse.edu.ar\/notiucse\/wp-json\/wp\/v2\/comments?post=1361"}],"version-history":[{"count":2,"href":"https:\/\/www.ucse.edu.ar\/notiucse\/wp-json\/wp\/v2\/posts\/1361\/revisions"}],"predecessor-version":[{"id":1375,"href":"https:\/\/www.ucse.edu.ar\/notiucse\/wp-json\/wp\/v2\/posts\/1361\/revisions\/1375"}],"wp:featuredmedia":[{"embeddable":true,"href":"https:\/\/www.ucse.edu.ar\/notiucse\/wp-json\/wp\/v2\/media\/1374"}],"wp:attachment":[{"href":"https:\/\/www.ucse.edu.ar\/notiucse\/wp-json\/wp\/v2\/media?parent=1361"}],"wp:term":[{"taxonomy":"category","embeddable":true,"href":"https:\/\/www.ucse.edu.ar\/notiucse\/wp-json\/wp\/v2\/categories?post=1361"},{"taxonomy":"post_tag","embeddable":true,"href":"https:\/\/www.ucse.edu.ar\/notiucse\/wp-json\/wp\/v2\/tags?post=1361"}],"curies":[{"name":"wp","href":"https:\/\/api.w.org\/{rel}","templated":true}]}}