{"id":1476,"date":"2016-09-20T13:07:14","date_gmt":"2016-09-20T13:07:14","guid":{"rendered":"http:\/\/www.ucse.edu.ar\/notiucse\/?p=1476"},"modified":"2016-09-20T13:07:14","modified_gmt":"2016-09-20T13:07:14","slug":"encuentro-nacional-de-docentes-universitarios-catolicos-en-la-unsta","status":"publish","type":"post","link":"https:\/\/www.ucse.edu.ar\/notiucse\/2016\/09\/20\/encuentro-nacional-de-docentes-universitarios-catolicos-en-la-unsta\/","title":{"rendered":"Encuentro Nacional de Docentes Universitarios Cat\u00f3licos en la UNSTA"},"content":{"rendered":"<p><a href=\"http:\/\/www.ucse.edu.ar\/notiucse\/wp-content\/uploads\/2016\/09\/GBC_1581.jpg\"><img fetchpriority=\"high\" decoding=\"async\" class=\"aligncenter size-large wp-image-1483\" src=\"http:\/\/www.ucse.edu.ar\/notiucse\/wp-content\/uploads\/2016\/09\/GBC_1581-1024x683.jpg\" alt=\"gbc_1581\" width=\"700\" height=\"467\" srcset=\"https:\/\/www.ucse.edu.ar\/notiucse\/wp-content\/uploads\/2016\/09\/GBC_1581-1024x683.jpg 1024w, https:\/\/www.ucse.edu.ar\/notiucse\/wp-content\/uploads\/2016\/09\/GBC_1581-300x200.jpg 300w\" sizes=\"(max-width: 700px) 100vw, 700px\" \/><\/a>Fueron m\u00e1s de 200 los docentes que asistieron al 9\u00ba Encuentro Nacional de Docentes Universitarios Cat\u00f3licos (ENDUC) en la sede central de la Universidad del Norte Santo Tom\u00e1s de Aquino, en San Miguel de Tucum\u00e1n.<\/p>\n<p>La figura central del Encuentro fue el Cardenal Giuseppe Versaldi, Prefecto de la Sagrada Congregaci\u00f3n para la Educaci\u00f3n Cat\u00f3lica de la Santa Sede, quien realiz\u00f3 la exposici\u00f3n inaugural sobre el tema central del ENDUC: Del Bicentenario a la Argentina en el siglo XXI. Desaf\u00edos al docente universitario cat\u00f3lico.<\/p>\n<p><img decoding=\"async\" class=\"aligncenter size-large wp-image-1484\" src=\"http:\/\/www.ucse.edu.ar\/notiucse\/wp-content\/uploads\/2016\/09\/GBC_1379-1024x683.jpg\" alt=\"gbc_1379\" width=\"700\" height=\"467\" srcset=\"https:\/\/www.ucse.edu.ar\/notiucse\/wp-content\/uploads\/2016\/09\/GBC_1379-1024x683.jpg 1024w, https:\/\/www.ucse.edu.ar\/notiucse\/wp-content\/uploads\/2016\/09\/GBC_1379-300x200.jpg 300w\" sizes=\"(max-width: 700px) 100vw, 700px\" \/><\/p>\n<p>En el marco del evento tuvo lugar tambi\u00e9n un panel de Rectores de las universidades cat\u00f3licas argentinas. Panelistas y participantes se reunieron durante dos d\u00edas para debatir temas y perspectivas de la educaci\u00f3n cat\u00f3lica en el mundo, a fin de dar respuestas desde la Universidad, en las diferentes disciplinas y \u00e1reas del saber.<\/p>\n<p>\u201cNo podemos prescindir de la necesidad de una mirada integrada y sist\u00e9mica sobre las emergencias actuales de la comunidad planetaria \u2013 afirm\u00f3 el Rector de la UNSTA, Ing. Luis Ra\u00fal Alcaide -. En este marco, la misi\u00f3n universitaria m\u00e1s importante es contribuir al bien com\u00fan de la sociedad con aportes relevantes al progreso cient\u00edfico, social y econ\u00f3mico en una perspectiva de sustentabilidad\u201d.<\/p>\n<p><img decoding=\"async\" class=\"aligncenter size-large wp-image-1485\" src=\"http:\/\/www.ucse.edu.ar\/notiucse\/wp-content\/uploads\/2016\/09\/GBC_1402-1024x683.jpg\" alt=\"gbc_1402\" width=\"700\" height=\"467\" srcset=\"https:\/\/www.ucse.edu.ar\/notiucse\/wp-content\/uploads\/2016\/09\/GBC_1402-1024x683.jpg 1024w, https:\/\/www.ucse.edu.ar\/notiucse\/wp-content\/uploads\/2016\/09\/GBC_1402-300x200.jpg 300w\" sizes=\"(max-width: 700px) 100vw, 700px\" \/><\/p>\n<p>Muchos de los participantes destacaron en los foros de trabajo la importancia de una educaci\u00f3n basada en los valores, entre ellos la autonom\u00eda de la persona, la tolerancia, la solidaridad y la responsabilidad social. \u201cEn este sentido \u2013 agreg\u00f3 el Ing. Alcaide \u2013 es fundamental el rol espec\u00edfico de una educaci\u00f3n superior cat\u00f3lica capaz de integrar saberes, ense\u00f1ar a relacionar adecuadamente contextos diferentes y formar ciudadanos que se vuelvan a su vez constructores de saberes\u201d.<\/p>\n<p>El Rector Luis Lucena particip\u00f3 con una exposici\u00f3n y saludo al Cardenal Giuseppe Versaldi, Prefecto de la Congregaci\u00f3n de la Educaci\u00f3n Cat\u00f3lica.<\/p>\n","protected":false},"excerpt":{"rendered":"<p>Fueron m\u00e1s de 200 los docentes que asistieron al 9\u00ba Encuentro Nacional de Docentes Universitarios Cat\u00f3licos (ENDUC) en la sede central de la Universidad del Norte Santo Tom\u00e1s de Aquino, en San Miguel de Tucum\u00e1n. La figura central del Encuentro fue el Cardenal Giuseppe Versaldi, Prefecto de la Sagrada Congregaci\u00f3n para la Educaci\u00f3n Cat\u00f3lica de [&hellip;]<\/p>\n","protected":false},"author":1,"featured_media":1483,"comment_status":"closed","ping_status":"closed","sticky":false,"template":"","format":"standard","meta":{"_exactmetrics_skip_tracking":false,"_exactmetrics_sitenote_active":false,"_exactmetrics_sitenote_note":"","_exactmetrics_sitenote_category":0,"footnotes":""},"categories":[7,72],"tags":[],"class_list":["post-1476","post","type-post","status-publish","format-standard","has-post-thumbnail","hentry","category-facultades","category-sede-sgo"],"_links":{"self":[{"href":"https:\/\/www.ucse.edu.ar\/notiucse\/wp-json\/wp\/v2\/posts\/1476","targetHints":{"allow":["GET"]}}],"collection":[{"href":"https:\/\/www.ucse.edu.ar\/notiucse\/wp-json\/wp\/v2\/posts"}],"about":[{"href":"https:\/\/www.ucse.edu.ar\/notiucse\/wp-json\/wp\/v2\/types\/post"}],"author":[{"embeddable":true,"href":"https:\/\/www.ucse.edu.ar\/notiucse\/wp-json\/wp\/v2\/users\/1"}],"replies":[{"embeddable":true,"href":"https:\/\/www.ucse.edu.ar\/notiucse\/wp-json\/wp\/v2\/comments?post=1476"}],"version-history":[{"count":2,"href":"https:\/\/www.ucse.edu.ar\/notiucse\/wp-json\/wp\/v2\/posts\/1476\/revisions"}],"predecessor-version":[{"id":1486,"href":"https:\/\/www.ucse.edu.ar\/notiucse\/wp-json\/wp\/v2\/posts\/1476\/revisions\/1486"}],"wp:featuredmedia":[{"embeddable":true,"href":"https:\/\/www.ucse.edu.ar\/notiucse\/wp-json\/wp\/v2\/media\/1483"}],"wp:attachment":[{"href":"https:\/\/www.ucse.edu.ar\/notiucse\/wp-json\/wp\/v2\/media?parent=1476"}],"wp:term":[{"taxonomy":"category","embeddable":true,"href":"https:\/\/www.ucse.edu.ar\/notiucse\/wp-json\/wp\/v2\/categories?post=1476"},{"taxonomy":"post_tag","embeddable":true,"href":"https:\/\/www.ucse.edu.ar\/notiucse\/wp-json\/wp\/v2\/tags?post=1476"}],"curies":[{"name":"wp","href":"https:\/\/api.w.org\/{rel}","templated":true}]}}