{"id":1614,"date":"2017-03-14T12:01:55","date_gmt":"2017-03-14T12:01:55","guid":{"rendered":"http:\/\/www.ucse.edu.ar\/notiucse\/?p=1614"},"modified":"2017-03-14T12:06:44","modified_gmt":"2017-03-14T12:06:44","slug":"se-desarrolla-el-seminario-de-estrategias-de-comunicacion-politica","status":"publish","type":"post","link":"https:\/\/www.ucse.edu.ar\/notiucse\/2017\/03\/14\/se-desarrolla-el-seminario-de-estrategias-de-comunicacion-politica\/","title":{"rendered":"Se desarrolla el seminario de \u201cEstrategias de comunicaci\u00f3n politica\u201d"},"content":{"rendered":"<p><a href=\"http:\/\/www.ucse.edu.ar\/notiucse\/wp-content\/uploads\/2017\/03\/IMG_5562.jpg\"><img fetchpriority=\"high\" decoding=\"async\" class=\"aligncenter size-large wp-image-1619\" src=\"http:\/\/www.ucse.edu.ar\/notiucse\/wp-content\/uploads\/2017\/03\/IMG_5562-1024x683.jpg\" alt=\"IMG_5562\" width=\"700\" height=\"467\" srcset=\"https:\/\/www.ucse.edu.ar\/notiucse\/wp-content\/uploads\/2017\/03\/IMG_5562-1024x683.jpg 1024w, https:\/\/www.ucse.edu.ar\/notiucse\/wp-content\/uploads\/2017\/03\/IMG_5562-300x200.jpg 300w\" sizes=\"(max-width: 700px) 100vw, 700px\" \/><\/a><\/p>\n<p style=\"text-indent: 35.45pt; vertical-align: baseline; margin: 6.0pt 0cm 6.0pt 0cm;\"><span style=\"font-size: 11.0pt; font-family: 'Open Sans','sans-serif'; color: #404040;\">En el marco del Convenio vigente con el Ministerio de Producci\u00f3n, Recursos Naturales, Forestaci\u00f3n y Tierras de la Provincia, del lunes 13 al jueves 16 de marzo se desarrollar\u00e1 en instalaciones del F\u00f3rum el SEMINARIO DE \u201cESTRATEGIAS DE COMUNICACI\u00d3N POLITICA\u201d, que formara parte de la carrera universitaria de \u201cExperto en Planeamiento Estrat\u00e9gico de Pol\u00edticas P\u00fablicas\u201d, dictado por la Universidad Cat\u00f3lica de Santiago del Estero.<\/span><\/p>\n<p style=\"text-indent: 35.45pt; vertical-align: baseline; outline: 0px; font-variant-ligatures: normal; font-variant-caps: normal; orphans: 2; text-align: start; widows: 2; -webkit-text-stroke-width: 0px; word-spacing: 0px; margin: 6.0pt 0cm 6.0pt 0cm;\"><span style=\"font-size: 11.0pt; font-family: 'Open Sans','sans-serif'; color: #404040;\">En esta ocasi\u00f3n se firmara tambi\u00e9n un Acuerdo Marco de Colaboraci\u00f3n en Red entre la Universidad Cat\u00f3lica de Santiago del Estero, el Ministerio de Producci\u00f3n y la Universidad Camilo Jos\u00e9 Cela, de Madrid, Espa\u00f1a. Este acuerdo permitir\u00e1 que los cursantes de la Formaci\u00f3n en Pol\u00edticas P\u00fablicas que viene dict\u00e1ndose desde el a\u00f1o pasado, puedan acceder a una mayor calificaci\u00f3n acad\u00e9mica. Esta actividad responde a la pol\u00edtica del Ministerio de Produccion, en convenio con UCSE, en el compromiso sostenido en el mejoramiento de la formaci\u00f3n de los agentes dirigenciales en territorio de toda la provincia.<\/span><\/p>\n<p style=\"text-indent: 35.45pt; vertical-align: baseline; outline: 0px; font-variant-ligatures: normal; font-variant-caps: normal; orphans: 2; text-align: start; widows: 2; -webkit-text-stroke-width: 0px; word-spacing: 0px; margin: 6.0pt 0cm 6.0pt 0cm;\"><span style=\"font-size: 11.0pt; font-family: 'Open Sans','sans-serif'; color: #404040;\">Ser\u00e1 una capacitaci\u00f3n abierta que contara con la presencia de conferencistas de primer nivel en las tem\u00e1ticas de liderazgo, comunicaci\u00f3n y negociaci\u00f3n, tecnolog\u00edas aplicadas a la comunicaci\u00f3n, manejo del discurso en la comunicaci\u00f3n pol\u00edtica, planificaci\u00f3n de la comunicaci\u00f3n y manejo de discursos y la oratoria, entre otros.<\/span><\/p>\n","protected":false},"excerpt":{"rendered":"<p>En el marco del Convenio vigente con el Ministerio de Producci\u00f3n, Recursos Naturales, Forestaci\u00f3n y Tierras de la Provincia, del lunes 13 al jueves 16 de marzo se desarrollar\u00e1 en instalaciones del F\u00f3rum el SEMINARIO DE \u201cESTRATEGIAS DE COMUNICACI\u00d3N POLITICA\u201d, que formara parte de la carrera universitaria de \u201cExperto en Planeamiento Estrat\u00e9gico de Pol\u00edticas P\u00fablicas\u201d, [&hellip;]<\/p>\n","protected":false},"author":1,"featured_media":1619,"comment_status":"closed","ping_status":"closed","sticky":false,"template":"","format":"standard","meta":{"_exactmetrics_skip_tracking":false,"_exactmetrics_sitenote_active":false,"_exactmetrics_sitenote_note":"","_exactmetrics_sitenote_category":0,"footnotes":""},"categories":[7],"tags":[],"class_list":["post-1614","post","type-post","status-publish","format-standard","has-post-thumbnail","hentry","category-facultades"],"_links":{"self":[{"href":"https:\/\/www.ucse.edu.ar\/notiucse\/wp-json\/wp\/v2\/posts\/1614","targetHints":{"allow":["GET"]}}],"collection":[{"href":"https:\/\/www.ucse.edu.ar\/notiucse\/wp-json\/wp\/v2\/posts"}],"about":[{"href":"https:\/\/www.ucse.edu.ar\/notiucse\/wp-json\/wp\/v2\/types\/post"}],"author":[{"embeddable":true,"href":"https:\/\/www.ucse.edu.ar\/notiucse\/wp-json\/wp\/v2\/users\/1"}],"replies":[{"embeddable":true,"href":"https:\/\/www.ucse.edu.ar\/notiucse\/wp-json\/wp\/v2\/comments?post=1614"}],"version-history":[{"count":4,"href":"https:\/\/www.ucse.edu.ar\/notiucse\/wp-json\/wp\/v2\/posts\/1614\/revisions"}],"predecessor-version":[{"id":1623,"href":"https:\/\/www.ucse.edu.ar\/notiucse\/wp-json\/wp\/v2\/posts\/1614\/revisions\/1623"}],"wp:featuredmedia":[{"embeddable":true,"href":"https:\/\/www.ucse.edu.ar\/notiucse\/wp-json\/wp\/v2\/media\/1619"}],"wp:attachment":[{"href":"https:\/\/www.ucse.edu.ar\/notiucse\/wp-json\/wp\/v2\/media?parent=1614"}],"wp:term":[{"taxonomy":"category","embeddable":true,"href":"https:\/\/www.ucse.edu.ar\/notiucse\/wp-json\/wp\/v2\/categories?post=1614"},{"taxonomy":"post_tag","embeddable":true,"href":"https:\/\/www.ucse.edu.ar\/notiucse\/wp-json\/wp\/v2\/tags?post=1614"}],"curies":[{"name":"wp","href":"https:\/\/api.w.org\/{rel}","templated":true}]}}