{"id":1671,"date":"2017-04-27T14:02:21","date_gmt":"2017-04-27T14:02:21","guid":{"rendered":"http:\/\/www.ucse.edu.ar\/notiucse\/?p=1671"},"modified":"2017-04-27T14:09:53","modified_gmt":"2017-04-27T14:09:53","slug":"hoy-se-conmemora-el-197o-aniversario-de-la-autonomia-provincial-de-santiago-del-estero","status":"publish","type":"post","link":"https:\/\/www.ucse.edu.ar\/notiucse\/2017\/04\/27\/hoy-se-conmemora-el-197o-aniversario-de-la-autonomia-provincial-de-santiago-del-estero\/","title":{"rendered":"Hoy se conmemora el 197\u00ba aniversario de la Autonom\u00eda Provincial de Santiago del Estero"},"content":{"rendered":"<p><a href=\"http:\/\/www.ucse.edu.ar\/notiucse\/wp-content\/uploads\/2017\/04\/Bandera-de-Sgo.gif\"><img fetchpriority=\"high\" decoding=\"async\" class=\"aligncenter size-large wp-image-1678\" src=\"http:\/\/www.ucse.edu.ar\/notiucse\/wp-content\/uploads\/2017\/04\/Bandera-de-Sgo-1024x625.gif\" alt=\"Bandera de Sgo\" width=\"700\" height=\"427\" srcset=\"https:\/\/www.ucse.edu.ar\/notiucse\/wp-content\/uploads\/2017\/04\/Bandera-de-Sgo-1024x625.gif 1024w, https:\/\/www.ucse.edu.ar\/notiucse\/wp-content\/uploads\/2017\/04\/Bandera-de-Sgo-300x183.gif 300w\" sizes=\"(max-width: 700px) 100vw, 700px\" \/><\/a><\/p>\n<p>Hoy se conmemora el <strong>197\u00ba aniversario de la Autonom\u00eda Provincial de Santiago del Estero<\/strong>, declarada el 27 de Abril de 1820.<\/p>\n<p>La situaci\u00f3n en los a\u00f1os anteriores atestigua que ven\u00edan de dos revoluciones dirigidas por el coronel<strong> Juan Francisco Borges<\/strong>, que entre los a\u00f1os 1815 y 1817 convulsionaron el clima interno pero no llegaron a conformar la tan ansiada autonom\u00eda.<\/p>\n<p>El 31 de marzo de 1820, luego de poner en fuga las tropas tucumanas de guarnici\u00f3n en la ciudad, al mando del general Echauri, enviado del gobernador Ara\u00f3z, el Comandante de Abipones, <strong>Juan Felipe Ibarra<\/strong>, es elegido gobernador por el Cabildo.<\/p>\n<p>Ibarra convoca a una asamblea a representantes de todos los departamentos. Reunida \u00e9sta el 27 de abril de 1882 declara solemnemente la autonom\u00eda pol\u00edtica. <em>&#8220;Negamos toda subordinaci\u00f3n que Tucum\u00e1n alega tener sobre Santiago, expresa el cabildo. El pueblo no hizo sino ejecutar su derecho. Ante la disoluci\u00f3n del Congreso Nacional los pueblos reasumen la soberan\u00eda que en \u00e9l hab\u00edan delegado&#8221;. <\/em><\/p>\n<p>El art\u00edculo 5\u00b0 del Acta de proclamaci\u00f3n de la autonom\u00eda expresa:\u00a0<em>&#8220;Ofrecemos nuestra amistad respetados hermanos y conciudadanos de Tucum\u00e1n y el olvido de lo pasado a los que nos han ofendido , inmolando todo resentimiento sobre las aras de la religi\u00f3n y de la patria&#8221;.<\/em><\/p>\n<p>Desde entonces qued\u00f3 erigida Santiago del estero, como provincia aut\u00f3noma dentro de la Rep\u00fablica Argentina.<\/p>\n","protected":false},"excerpt":{"rendered":"<p>Hoy se conmemora el 197\u00ba aniversario de la Autonom\u00eda Provincial de Santiago del Estero, declarada el 27 de Abril de 1820. La situaci\u00f3n en los a\u00f1os anteriores atestigua que ven\u00edan de dos revoluciones dirigidas por el coronel Juan Francisco Borges, que entre los a\u00f1os 1815 y 1817 convulsionaron el clima interno pero no llegaron a [&hellip;]<\/p>\n","protected":false},"author":1,"featured_media":1678,"comment_status":"closed","ping_status":"closed","sticky":false,"template":"","format":"standard","meta":{"_exactmetrics_skip_tracking":false,"_exactmetrics_sitenote_active":false,"_exactmetrics_sitenote_note":"","_exactmetrics_sitenote_category":0,"footnotes":""},"categories":[7],"tags":[],"class_list":["post-1671","post","type-post","status-publish","format-standard","has-post-thumbnail","hentry","category-facultades"],"_links":{"self":[{"href":"https:\/\/www.ucse.edu.ar\/notiucse\/wp-json\/wp\/v2\/posts\/1671","targetHints":{"allow":["GET"]}}],"collection":[{"href":"https:\/\/www.ucse.edu.ar\/notiucse\/wp-json\/wp\/v2\/posts"}],"about":[{"href":"https:\/\/www.ucse.edu.ar\/notiucse\/wp-json\/wp\/v2\/types\/post"}],"author":[{"embeddable":true,"href":"https:\/\/www.ucse.edu.ar\/notiucse\/wp-json\/wp\/v2\/users\/1"}],"replies":[{"embeddable":true,"href":"https:\/\/www.ucse.edu.ar\/notiucse\/wp-json\/wp\/v2\/comments?post=1671"}],"version-history":[{"count":2,"href":"https:\/\/www.ucse.edu.ar\/notiucse\/wp-json\/wp\/v2\/posts\/1671\/revisions"}],"predecessor-version":[{"id":1679,"href":"https:\/\/www.ucse.edu.ar\/notiucse\/wp-json\/wp\/v2\/posts\/1671\/revisions\/1679"}],"wp:featuredmedia":[{"embeddable":true,"href":"https:\/\/www.ucse.edu.ar\/notiucse\/wp-json\/wp\/v2\/media\/1678"}],"wp:attachment":[{"href":"https:\/\/www.ucse.edu.ar\/notiucse\/wp-json\/wp\/v2\/media?parent=1671"}],"wp:term":[{"taxonomy":"category","embeddable":true,"href":"https:\/\/www.ucse.edu.ar\/notiucse\/wp-json\/wp\/v2\/categories?post=1671"},{"taxonomy":"post_tag","embeddable":true,"href":"https:\/\/www.ucse.edu.ar\/notiucse\/wp-json\/wp\/v2\/tags?post=1671"}],"curies":[{"name":"wp","href":"https:\/\/api.w.org\/{rel}","templated":true}]}}