{"id":1729,"date":"2017-05-24T15:35:44","date_gmt":"2017-05-24T15:35:44","guid":{"rendered":"http:\/\/www.ucse.edu.ar\/notiucse\/?p=1729"},"modified":"2017-05-24T15:41:35","modified_gmt":"2017-05-24T15:41:35","slug":"destacaron-la-importancia-de-plataforma-emprender","status":"publish","type":"post","link":"https:\/\/www.ucse.edu.ar\/notiucse\/2017\/05\/24\/destacaron-la-importancia-de-plataforma-emprender\/","title":{"rendered":"Destacaron la importancia de Plataforma Emprender"},"content":{"rendered":"<p><a href=\"http:\/\/www.ucse.edu.ar\/notiucse\/wp-content\/uploads\/2017\/05\/20b8fb6a-b31f-491d-8561-77447c9ead4a.jpg\"><img fetchpriority=\"high\" decoding=\"async\" class=\"aligncenter size-large wp-image-1730\" src=\"http:\/\/www.ucse.edu.ar\/notiucse\/wp-content\/uploads\/2017\/05\/20b8fb6a-b31f-491d-8561-77447c9ead4a-1024x576.jpg\" alt=\"20b8fb6a-b31f-491d-8561-77447c9ead4a\" width=\"700\" height=\"394\" srcset=\"https:\/\/www.ucse.edu.ar\/notiucse\/wp-content\/uploads\/2017\/05\/20b8fb6a-b31f-491d-8561-77447c9ead4a-1024x576.jpg 1024w, https:\/\/www.ucse.edu.ar\/notiucse\/wp-content\/uploads\/2017\/05\/20b8fb6a-b31f-491d-8561-77447c9ead4a-300x169.jpg 300w, https:\/\/www.ucse.edu.ar\/notiucse\/wp-content\/uploads\/2017\/05\/20b8fb6a-b31f-491d-8561-77447c9ead4a-460x260.jpg 460w, https:\/\/www.ucse.edu.ar\/notiucse\/wp-content\/uploads\/2017\/05\/20b8fb6a-b31f-491d-8561-77447c9ead4a.jpg 1040w\" sizes=\"(max-width: 700px) 100vw, 700px\" \/><\/a><\/p>\n<p>Al hacer uso de la palabra, el Ing. Adri\u00e1n Su\u00e1rez se refiri\u00f3 a la primera jornada de capacitaci\u00f3n relacionada a la &#8220;Creatividad para emprender&#8221;, el viernes de 8 a 17 en el del Nodo Tecnol\u00f3gico, y destac\u00f3 &#8220;la presencia del subsecretario de Emprendedores del Ministerio de Producci\u00f3n de Naci\u00f3n, Lic. Esteban Campero, as\u00ed como tambi\u00e9n la del Lic. Diego Bresler, mentor de la fundaci\u00f3n Endeavor&#8221;, quienes dar\u00e1n la jornada.<\/p>\n<p>El rector de la UCSE, Ing. Luis Lucena, invit\u00f3 a la jornada y explic\u00f3 que el convenio firmado &#8220;tiene como objetivo poner en relaci\u00f3n los equipos t\u00e9cnicos, de gesti\u00f3n y de investigaci\u00f3n, para poder asociarlos a un trabajo colectivo en pos de trabajar para el emprendedurismo, y tambi\u00e9n para otras cuestiones que tienen que ver con la investigaci\u00f3n, capacitaci\u00f3n y la educaci\u00f3n&#8221;.<\/p>\n<p>Diego Noriega sostuvo que &#8220;lo importante de este a\u00f1o es la continuidad de lo iniciado el a\u00f1o pasado&#8221;, y destac\u00f3 &#8220;el esp\u00edritu asociativo de Emprender, que es ejemplo para los emprendedores de instituciones y universidades, y que el Gobierno nacional y provincial est\u00e9n trabajando con una misi\u00f3n c\u00edclica, que es el desarrollo de una cultura en Santiago para que tenga impacto econ\u00f3mico y social en toda la provincia&#8221;.<\/p>\n<p>Fuente: Diario El Liberal<\/p>\n","protected":false},"excerpt":{"rendered":"<p>Al hacer uso de la palabra, el Ing. Adri\u00e1n Su\u00e1rez se refiri\u00f3 a la primera jornada de capacitaci\u00f3n relacionada a la &#8220;Creatividad para emprender&#8221;, el viernes de 8 a 17 en el del Nodo Tecnol\u00f3gico, y destac\u00f3 &#8220;la presencia del subsecretario de Emprendedores del Ministerio de Producci\u00f3n de Naci\u00f3n, Lic. Esteban Campero, as\u00ed como tambi\u00e9n [&hellip;]<\/p>\n","protected":false},"author":1,"featured_media":1730,"comment_status":"closed","ping_status":"closed","sticky":false,"template":"","format":"standard","meta":{"_exactmetrics_skip_tracking":false,"_exactmetrics_sitenote_active":false,"_exactmetrics_sitenote_note":"","_exactmetrics_sitenote_category":0,"footnotes":""},"categories":[7],"tags":[],"class_list":["post-1729","post","type-post","status-publish","format-standard","has-post-thumbnail","hentry","category-facultades"],"_links":{"self":[{"href":"https:\/\/www.ucse.edu.ar\/notiucse\/wp-json\/wp\/v2\/posts\/1729","targetHints":{"allow":["GET"]}}],"collection":[{"href":"https:\/\/www.ucse.edu.ar\/notiucse\/wp-json\/wp\/v2\/posts"}],"about":[{"href":"https:\/\/www.ucse.edu.ar\/notiucse\/wp-json\/wp\/v2\/types\/post"}],"author":[{"embeddable":true,"href":"https:\/\/www.ucse.edu.ar\/notiucse\/wp-json\/wp\/v2\/users\/1"}],"replies":[{"embeddable":true,"href":"https:\/\/www.ucse.edu.ar\/notiucse\/wp-json\/wp\/v2\/comments?post=1729"}],"version-history":[{"count":2,"href":"https:\/\/www.ucse.edu.ar\/notiucse\/wp-json\/wp\/v2\/posts\/1729\/revisions"}],"predecessor-version":[{"id":1732,"href":"https:\/\/www.ucse.edu.ar\/notiucse\/wp-json\/wp\/v2\/posts\/1729\/revisions\/1732"}],"wp:featuredmedia":[{"embeddable":true,"href":"https:\/\/www.ucse.edu.ar\/notiucse\/wp-json\/wp\/v2\/media\/1730"}],"wp:attachment":[{"href":"https:\/\/www.ucse.edu.ar\/notiucse\/wp-json\/wp\/v2\/media?parent=1729"}],"wp:term":[{"taxonomy":"category","embeddable":true,"href":"https:\/\/www.ucse.edu.ar\/notiucse\/wp-json\/wp\/v2\/categories?post=1729"},{"taxonomy":"post_tag","embeddable":true,"href":"https:\/\/www.ucse.edu.ar\/notiucse\/wp-json\/wp\/v2\/tags?post=1729"}],"curies":[{"name":"wp","href":"https:\/\/api.w.org\/{rel}","templated":true}]}}