{"id":1776,"date":"2017-06-21T14:06:41","date_gmt":"2017-06-21T14:06:41","guid":{"rendered":"http:\/\/www.ucse.edu.ar\/notiucse\/?p=1776"},"modified":"2017-06-21T14:06:41","modified_gmt":"2017-06-21T14:06:41","slug":"el-rector-lucena-informo-sobre-el-estado-de-las-becas-prog-r-es-ar","status":"publish","type":"post","link":"https:\/\/www.ucse.edu.ar\/notiucse\/2017\/06\/21\/el-rector-lucena-informo-sobre-el-estado-de-las-becas-prog-r-es-ar\/","title":{"rendered":"El Rector Lucena inform\u00f3 sobre el estado de las becas PROG.R.ES.AR"},"content":{"rendered":"<p><a href=\"http:\/\/www.ucse.edu.ar\/notiucse\/wp-content\/uploads\/2017\/06\/19275173_1351986148169958_5746577402966510093_n.jpg\"><img fetchpriority=\"high\" decoding=\"async\" class=\"aligncenter size-full wp-image-1781\" src=\"http:\/\/www.ucse.edu.ar\/notiucse\/wp-content\/uploads\/2017\/06\/19275173_1351986148169958_5746577402966510093_n.jpg\" alt=\"19275173_1351986148169958_5746577402966510093_n\" width=\"700\" height=\"250\" srcset=\"https:\/\/www.ucse.edu.ar\/notiucse\/wp-content\/uploads\/2017\/06\/19275173_1351986148169958_5746577402966510093_n.jpg 700w, https:\/\/www.ucse.edu.ar\/notiucse\/wp-content\/uploads\/2017\/06\/19275173_1351986148169958_5746577402966510093_n-300x107.jpg 300w\" sizes=\"(max-width: 700px) 100vw, 700px\" \/><\/a><\/p>\n<p>El Ing. Luis Lucena, Rector de la Universidad Cat\u00f3lica de Santiago del Estero (UCSE), mantuvo entre el viernes y el pasado lunes sendas conversaciones con el Gerente local de ANSES, Dr. Manuel Yorbandi, para plantear la situaci\u00f3n de los alumnos que ten\u00edan suspendidos los aportes del Plan PROG.R.ES.AR en la Sede de Santiago de la UCSE.<\/p>\n<p>El Gerente explic\u00f3 que la determinaci\u00f3n de suspender por unos meses esa prestaci\u00f3n fue directa de ANSES Central y que, seg\u00fan los datos que ten\u00eda en su poder, la situaci\u00f3n se estar\u00eda normalizando entre los meses de julio y agosto, haci\u00e9ndose efectivos los aportes demorados en forma retroactiva.<\/p>\n<p>Asimismo el Dr. Yorbandi ratifico que la UCSE tiene presentado en forma correcta el CUE, tr\u00e1mite necesario para el otorgamiento de dichas prestaciones.<\/p>\n<p>Desde el ANSES se recomienda a los alumnos que contin\u00faen presentando el Formulario 286, que normalmente usan, para reforzar la certificaci\u00f3n.<br \/>\nCuando haya m\u00e1s novedades sobre el tema, ser\u00e1n comunicadas a todos.<\/p>\n","protected":false},"excerpt":{"rendered":"<p>El Ing. Luis Lucena, Rector de la Universidad Cat\u00f3lica de Santiago del Estero (UCSE), mantuvo entre el viernes y el pasado lunes sendas conversaciones con el Gerente local de ANSES, Dr. Manuel Yorbandi, para plantear la situaci\u00f3n de los alumnos que ten\u00edan suspendidos los aportes del Plan PROG.R.ES.AR en la Sede de Santiago de la [&hellip;]<\/p>\n","protected":false},"author":1,"featured_media":1781,"comment_status":"closed","ping_status":"closed","sticky":false,"template":"","format":"standard","meta":{"_exactmetrics_skip_tracking":false,"_exactmetrics_sitenote_active":false,"_exactmetrics_sitenote_note":"","_exactmetrics_sitenote_category":0,"footnotes":""},"categories":[7],"tags":[],"class_list":["post-1776","post","type-post","status-publish","format-standard","has-post-thumbnail","hentry","category-facultades"],"_links":{"self":[{"href":"https:\/\/www.ucse.edu.ar\/notiucse\/wp-json\/wp\/v2\/posts\/1776","targetHints":{"allow":["GET"]}}],"collection":[{"href":"https:\/\/www.ucse.edu.ar\/notiucse\/wp-json\/wp\/v2\/posts"}],"about":[{"href":"https:\/\/www.ucse.edu.ar\/notiucse\/wp-json\/wp\/v2\/types\/post"}],"author":[{"embeddable":true,"href":"https:\/\/www.ucse.edu.ar\/notiucse\/wp-json\/wp\/v2\/users\/1"}],"replies":[{"embeddable":true,"href":"https:\/\/www.ucse.edu.ar\/notiucse\/wp-json\/wp\/v2\/comments?post=1776"}],"version-history":[{"count":2,"href":"https:\/\/www.ucse.edu.ar\/notiucse\/wp-json\/wp\/v2\/posts\/1776\/revisions"}],"predecessor-version":[{"id":1782,"href":"https:\/\/www.ucse.edu.ar\/notiucse\/wp-json\/wp\/v2\/posts\/1776\/revisions\/1782"}],"wp:featuredmedia":[{"embeddable":true,"href":"https:\/\/www.ucse.edu.ar\/notiucse\/wp-json\/wp\/v2\/media\/1781"}],"wp:attachment":[{"href":"https:\/\/www.ucse.edu.ar\/notiucse\/wp-json\/wp\/v2\/media?parent=1776"}],"wp:term":[{"taxonomy":"category","embeddable":true,"href":"https:\/\/www.ucse.edu.ar\/notiucse\/wp-json\/wp\/v2\/categories?post=1776"},{"taxonomy":"post_tag","embeddable":true,"href":"https:\/\/www.ucse.edu.ar\/notiucse\/wp-json\/wp\/v2\/tags?post=1776"}],"curies":[{"name":"wp","href":"https:\/\/api.w.org\/{rel}","templated":true}]}}