{"id":1805,"date":"2017-06-30T14:57:08","date_gmt":"2017-06-30T14:57:08","guid":{"rendered":"http:\/\/www.ucse.edu.ar\/notiucse\/?p=1805"},"modified":"2017-06-30T14:57:08","modified_gmt":"2017-06-30T14:57:08","slug":"universidades-nacionales-y-privadas-argentinas-unidas-ante-los-desafios","status":"publish","type":"post","link":"https:\/\/www.ucse.edu.ar\/notiucse\/2017\/06\/30\/universidades-nacionales-y-privadas-argentinas-unidas-ante-los-desafios\/","title":{"rendered":"Universidades nacionales y privadas argentinas unidas ante los desaf\u00edos"},"content":{"rendered":"<p><a href=\"http:\/\/www.ucse.edu.ar\/notiucse\/wp-content\/uploads\/2017\/06\/vaticano5junio.jpg\"><img fetchpriority=\"high\" decoding=\"async\" class=\"size-large wp-image-1785\" src=\"http:\/\/www.ucse.edu.ar\/notiucse\/wp-content\/uploads\/2017\/06\/vaticano5junio-1024x685.jpg\" alt=\"A giant crowd of pilgrms attend the mass celebrated by Pope John Paul II 19 October 2003 on St Peter Square at the Vatican for the beatification of Mother Theresa. Thousands of pilgrims flocked to the Vatican just six years after the death of the nun they called the &quot;Saint of the gutters&quot;. AFP PHOTO PATRICK HERTZOG\" width=\"700\" height=\"468\" srcset=\"https:\/\/www.ucse.edu.ar\/notiucse\/wp-content\/uploads\/2017\/06\/vaticano5junio-1024x685.jpg 1024w, https:\/\/www.ucse.edu.ar\/notiucse\/wp-content\/uploads\/2017\/06\/vaticano5junio-300x201.jpg 300w\" sizes=\"(max-width: 700px) 100vw, 700px\" \/><\/a><\/p>\n<p>Rectores y acad\u00e9micos de casi 50 universidades argentinas reunidos en el Vaticano afirmaron la \u201cnecesidad\u201d de que las casas de educaci\u00f3n superior se integren a la \u201cglobalizaci\u00f3n de una manera consciente\u201d pero \u201csosteniendo las culturas e identidades propias del pa\u00eds\u201d.<\/p>\n<p>Fue en el encuentro \u201cDesaf\u00edos a la universidad: desde la globalizaci\u00f3n y \u2018Laudato si\u2019\u201d, que se realiz\u00f3 los d\u00edas 27 y 28 de junio, organizado por la Comisi\u00f3n Episcopal de Pastoral Universitaria (Cepau) de la Conferencia Episcopal Argentina y la Congregaci\u00f3n para la Educaci\u00f3n Cat\u00f3lica de la Santa Sede.<\/p>\n<p>Las autoridades educativas reflexionaron sobre los conflictos religiosos, culturales, pol\u00edtico-econ\u00f3micos y ambientales que afectan a las universidades, y abordaron los desaf\u00edos de las evaluaciones y acreditaciones internacionales, los sistemas de cr\u00e9ditos y la movilidad estudiantil, con el objetivo de promover \u201cla internacionalizaci\u00f3n\u201d de la universidad argentina en funci\u00f3n de las experiencias mundiales.<\/p>\n<p>Enfoc\u00e1ndose en el cuidado del medio ambiente, a la luz de la exhortaci\u00f3n apost\u00f3lica \u2018Laudato si\u2019, destacaron tambi\u00e9n la necesidad de constituir un foro permanente que coordine \u201cacciones y debates\u201d sobre sus desaf\u00edos para los pr\u00f3ximos a\u00f1os.<\/p>\n<p>\u201cEl encuentro fue muy interesante\u201d, expres\u00f3 a T\u00e9lam Danya Tavela, subsecretaria de Pol\u00edticas Universitarias del ministerio de Educaci\u00f3n y Deporte de la Naci\u00f3n\u201d. La representante se\u00f1al\u00f3 la importancia \u201cde poder hacer una puesta en com\u00fan con actores muy relevantes del sistema universitario, actuales y pasados, y de hacer un diagn\u00f3stico de la situaci\u00f3n y de las pol\u00edticas a implementar en el futuro\u201d.<\/p>\n<p>\u201cHay l\u00edneas claves de acuerdo que tienen que ver con la internacionalizaci\u00f3n, la movilidad, la necesidad de que las universidades formen parte de este proceso de globalizaci\u00f3n de una manera consciente, articulada e integrada pero sosteniendo las culturas e identidades propias del pa\u00eds y la formaci\u00f3n profesional que se dicta en la Argentina\u201d, agreg\u00f3 la funcionaria de la cartera educativa.<\/p>\n<p>Estuvieron presentes autoridades de universidades nacionales argentinas, universidades privadas, acad\u00e9micos destacados y autoridades de organismos de educaci\u00f3n superior como la Coneau. Como parte del \u201ccamino a seguir\u201d, plantearon la intenci\u00f3n de reeditar este encuentro en 2018, en la Argentina, para luego regresar a Roma, en 2019.<\/p>\n<p>Los rectores presentes junto con los presidentes del Consejo Interuniversitario Nacional (CIN), que re\u00fane a todas las universidades nacionales del pa\u00eds, y del Consejo de Rectores de Universidades Privadas (CRUP) firmaron una declaraci\u00f3n y compromiso conjunto para continuar trabajando articuladamente las tem\u00e1ticas del encuentro.+<\/p>\n<p><strong>Para m\u00e1s informaci\u00f3n puede visitarse el sitio web del encuentro:<\/strong> ww.desafiosactualesalauniversidad.wordpress.com<\/p>\n<p>Fuente: AICA<\/p>\n","protected":false},"excerpt":{"rendered":"<p>Rectores y acad\u00e9micos de casi 50 universidades argentinas reunidos en el Vaticano afirmaron la \u201cnecesidad\u201d de que las casas de educaci\u00f3n superior se integren a la \u201cglobalizaci\u00f3n de una manera consciente\u201d pero \u201csosteniendo las culturas e identidades propias del pa\u00eds\u201d. Fue en el encuentro \u201cDesaf\u00edos a la universidad: desde la globalizaci\u00f3n y \u2018Laudato si\u2019\u201d, que [&hellip;]<\/p>\n","protected":false},"author":1,"featured_media":1785,"comment_status":"closed","ping_status":"closed","sticky":false,"template":"","format":"standard","meta":{"_exactmetrics_skip_tracking":false,"_exactmetrics_sitenote_active":false,"_exactmetrics_sitenote_note":"","_exactmetrics_sitenote_category":0,"footnotes":""},"categories":[7,72],"tags":[],"class_list":["post-1805","post","type-post","status-publish","format-standard","has-post-thumbnail","hentry","category-facultades","category-sede-sgo"],"_links":{"self":[{"href":"https:\/\/www.ucse.edu.ar\/notiucse\/wp-json\/wp\/v2\/posts\/1805","targetHints":{"allow":["GET"]}}],"collection":[{"href":"https:\/\/www.ucse.edu.ar\/notiucse\/wp-json\/wp\/v2\/posts"}],"about":[{"href":"https:\/\/www.ucse.edu.ar\/notiucse\/wp-json\/wp\/v2\/types\/post"}],"author":[{"embeddable":true,"href":"https:\/\/www.ucse.edu.ar\/notiucse\/wp-json\/wp\/v2\/users\/1"}],"replies":[{"embeddable":true,"href":"https:\/\/www.ucse.edu.ar\/notiucse\/wp-json\/wp\/v2\/comments?post=1805"}],"version-history":[{"count":2,"href":"https:\/\/www.ucse.edu.ar\/notiucse\/wp-json\/wp\/v2\/posts\/1805\/revisions"}],"predecessor-version":[{"id":1811,"href":"https:\/\/www.ucse.edu.ar\/notiucse\/wp-json\/wp\/v2\/posts\/1805\/revisions\/1811"}],"wp:featuredmedia":[{"embeddable":true,"href":"https:\/\/www.ucse.edu.ar\/notiucse\/wp-json\/wp\/v2\/media\/1785"}],"wp:attachment":[{"href":"https:\/\/www.ucse.edu.ar\/notiucse\/wp-json\/wp\/v2\/media?parent=1805"}],"wp:term":[{"taxonomy":"category","embeddable":true,"href":"https:\/\/www.ucse.edu.ar\/notiucse\/wp-json\/wp\/v2\/categories?post=1805"},{"taxonomy":"post_tag","embeddable":true,"href":"https:\/\/www.ucse.edu.ar\/notiucse\/wp-json\/wp\/v2\/tags?post=1805"}],"curies":[{"name":"wp","href":"https:\/\/api.w.org\/{rel}","templated":true}]}}