{"id":1942,"date":"2017-11-21T12:41:43","date_gmt":"2017-11-21T12:41:43","guid":{"rendered":"http:\/\/www.ucse.edu.ar\/notiucse\/?p=1942"},"modified":"2018-02-27T19:27:09","modified_gmt":"2018-02-27T22:27:09","slug":"a-sala-llena-el-coro-de-la-ucse-brindo-su-tributo-a-queen","status":"publish","type":"post","link":"https:\/\/www.ucse.edu.ar\/notiucse\/2017\/11\/21\/a-sala-llena-el-coro-de-la-ucse-brindo-su-tributo-a-queen\/","title":{"rendered":"A sala llena, el coro de la UCSE brind\u00f3 su tributo a Queen"},"content":{"rendered":"<p><a href=\"http:\/\/www.ucse.edu.ar\/notiucse\/wp-content\/uploads\/2017\/11\/dd09f9ae-3dbb-47c4-a5c9-0b162769d972.jpg\"><img fetchpriority=\"high\" decoding=\"async\" class=\"aligncenter size-large wp-image-1949\" src=\"http:\/\/www.ucse.edu.ar\/notiucse\/wp-content\/uploads\/2017\/11\/dd09f9ae-3dbb-47c4-a5c9-0b162769d972-1024x768.jpg\" alt=\"dd09f9ae-3dbb-47c4-a5c9-0b162769d972\" width=\"700\" height=\"525\" srcset=\"https:\/\/www.ucse.edu.ar\/notiucse\/wp-content\/uploads\/2017\/11\/dd09f9ae-3dbb-47c4-a5c9-0b162769d972-1024x768.jpg 1024w, https:\/\/www.ucse.edu.ar\/notiucse\/wp-content\/uploads\/2017\/11\/dd09f9ae-3dbb-47c4-a5c9-0b162769d972-300x225.jpg 300w, https:\/\/www.ucse.edu.ar\/notiucse\/wp-content\/uploads\/2017\/11\/dd09f9ae-3dbb-47c4-a5c9-0b162769d972.jpg 1040w\" sizes=\"(max-width: 700px) 100vw, 700px\" \/><\/a><\/p>\n<p>En la noche del s\u00e1bado y a sala llena la Agrupaci\u00f3n coral de c\u00e1mara de la UCSE, dirigida por el maestro Mariano Valladares present\u00f3 su tributo a Queen.<\/p>\n<p>Ante un importante marco de p\u00fablico, que colm\u00f3 el Auditorio del Centro Cultural del Bicentenario, el coro conformado por estudiantes y miembros de la comunidad universitaria de la UCSE brind\u00f3 conmovedoras versiones de <em>&#8216;Who wants to live for ever&#8217;, &#8216;We are the champions&#8217;, &#8216;Some body to love&#8217;, &#8216;Love of my life&#8217;, &#8216;Bohemian rhapsody&#8217;, &#8216;The show must go on&#8217; y &#8216;We will rock you&#8217;,<\/em> pertenecientes a la hist\u00f3rica banda de rock liderada por Freddie Mercury.<\/p>\n","protected":false},"excerpt":{"rendered":"<p>En la noche del s\u00e1bado y a sala llena la Agrupaci\u00f3n coral de c\u00e1mara de la UCSE, dirigida por el maestro Mariano Valladares present\u00f3 su tributo a Queen. Ante un importante marco de p\u00fablico, que colm\u00f3 el Auditorio del Centro Cultural del Bicentenario, el coro conformado por estudiantes y miembros de la comunidad universitaria de [&hellip;]<\/p>\n","protected":false},"author":1,"featured_media":1950,"comment_status":"closed","ping_status":"closed","sticky":false,"template":"","format":"standard","meta":{"_exactmetrics_skip_tracking":false,"_exactmetrics_sitenote_active":false,"_exactmetrics_sitenote_note":"","_exactmetrics_sitenote_category":0,"footnotes":""},"categories":[1],"tags":[],"_links":{"self":[{"href":"https:\/\/www.ucse.edu.ar\/notiucse\/wp-json\/wp\/v2\/posts\/1942"}],"collection":[{"href":"https:\/\/www.ucse.edu.ar\/notiucse\/wp-json\/wp\/v2\/posts"}],"about":[{"href":"https:\/\/www.ucse.edu.ar\/notiucse\/wp-json\/wp\/v2\/types\/post"}],"author":[{"embeddable":true,"href":"https:\/\/www.ucse.edu.ar\/notiucse\/wp-json\/wp\/v2\/users\/1"}],"replies":[{"embeddable":true,"href":"https:\/\/www.ucse.edu.ar\/notiucse\/wp-json\/wp\/v2\/comments?post=1942"}],"version-history":[{"count":2,"href":"https:\/\/www.ucse.edu.ar\/notiucse\/wp-json\/wp\/v2\/posts\/1942\/revisions"}],"predecessor-version":[{"id":1951,"href":"https:\/\/www.ucse.edu.ar\/notiucse\/wp-json\/wp\/v2\/posts\/1942\/revisions\/1951"}],"wp:featuredmedia":[{"embeddable":true,"href":"https:\/\/www.ucse.edu.ar\/notiucse\/wp-json\/wp\/v2\/media\/1950"}],"wp:attachment":[{"href":"https:\/\/www.ucse.edu.ar\/notiucse\/wp-json\/wp\/v2\/media?parent=1942"}],"wp:term":[{"taxonomy":"category","embeddable":true,"href":"https:\/\/www.ucse.edu.ar\/notiucse\/wp-json\/wp\/v2\/categories?post=1942"},{"taxonomy":"post_tag","embeddable":true,"href":"https:\/\/www.ucse.edu.ar\/notiucse\/wp-json\/wp\/v2\/tags?post=1942"}],"curies":[{"name":"wp","href":"https:\/\/api.w.org\/{rel}","templated":true}]}}