{"id":1959,"date":"2017-11-29T14:38:25","date_gmt":"2017-11-29T14:38:25","guid":{"rendered":"http:\/\/www.ucse.edu.ar\/notiucse\/?p=1959"},"modified":"2018-02-27T19:27:00","modified_gmt":"2018-02-27T22:27:00","slug":"las-becarias-de-la-universidad-de-passau-finalizaron-sus-estudios-en-la-ucse","status":"publish","type":"post","link":"https:\/\/www.ucse.edu.ar\/notiucse\/2017\/11\/29\/las-becarias-de-la-universidad-de-passau-finalizaron-sus-estudios-en-la-ucse\/","title":{"rendered":"Las becarias de la Universidad de Passau finalizaron sus estudios en la UCSE"},"content":{"rendered":"<p><a href=\"http:\/\/www.ucse.edu.ar\/notiucse\/wp-content\/uploads\/2017\/11\/b634605b-5259-4b3e-8e2c-387b95ba1eee.jpg\"><img fetchpriority=\"high\" decoding=\"async\" class=\"aligncenter size-large wp-image-1960\" src=\"http:\/\/www.ucse.edu.ar\/notiucse\/wp-content\/uploads\/2017\/11\/b634605b-5259-4b3e-8e2c-387b95ba1eee-1024x768.jpg\" alt=\"b634605b-5259-4b3e-8e2c-387b95ba1eee\" width=\"700\" height=\"525\" srcset=\"https:\/\/www.ucse.edu.ar\/notiucse\/wp-content\/uploads\/2017\/11\/b634605b-5259-4b3e-8e2c-387b95ba1eee-1024x768.jpg 1024w, https:\/\/www.ucse.edu.ar\/notiucse\/wp-content\/uploads\/2017\/11\/b634605b-5259-4b3e-8e2c-387b95ba1eee-300x225.jpg 300w, https:\/\/www.ucse.edu.ar\/notiucse\/wp-content\/uploads\/2017\/11\/b634605b-5259-4b3e-8e2c-387b95ba1eee.jpg 1280w\" sizes=\"(max-width: 700px) 100vw, 700px\" \/><\/a><\/p>\n<p>Con la finalizaci\u00f3n del dictado de clases del a\u00f1o acad\u00e9mico 2017, las becarias que cada arriban desde la<strong> Universidad de Passau<\/strong> en el marco del convenio de cooperaci\u00f3n acad\u00e9mica que la UCSE mantiene con esta universidad alemana, cumplieron con sus actividades acad\u00e9micas.<\/p>\n<p>La estudiante Joanne Colleen Lange visit\u00f3 en el mediod\u00eda de ayer al Vicerrector de Relaciones de la UCSE y responsable del programa, Lic. Luis Alberto Guantay, para hacer un balance de su experiencia acad\u00e9mica en nuestra universidad y dejar sus saludos a las autoridades de nuestra casa de Altos Estudios.<\/p>\n<p>A la estudiante Lange se le suman Sohpia Recht y Antonia Helena Mantel, quienes tambi\u00e9n formaron parte del programa durante este a\u00f1o.<\/p>\n","protected":false},"excerpt":{"rendered":"<p>Con la finalizaci\u00f3n del dictado de clases del a\u00f1o acad\u00e9mico 2017, las becarias que cada arriban desde la Universidad de Passau en el marco del convenio de cooperaci\u00f3n acad\u00e9mica que la UCSE mantiene con esta universidad alemana, cumplieron con sus actividades acad\u00e9micas. La estudiante Joanne Colleen Lange visit\u00f3 en el mediod\u00eda de ayer al Vicerrector [&hellip;]<\/p>\n","protected":false},"author":1,"featured_media":1960,"comment_status":"closed","ping_status":"closed","sticky":false,"template":"","format":"standard","meta":{"_exactmetrics_skip_tracking":false,"_exactmetrics_sitenote_active":false,"_exactmetrics_sitenote_note":"","_exactmetrics_sitenote_category":0,"footnotes":""},"categories":[1],"tags":[],"_links":{"self":[{"href":"https:\/\/www.ucse.edu.ar\/notiucse\/wp-json\/wp\/v2\/posts\/1959"}],"collection":[{"href":"https:\/\/www.ucse.edu.ar\/notiucse\/wp-json\/wp\/v2\/posts"}],"about":[{"href":"https:\/\/www.ucse.edu.ar\/notiucse\/wp-json\/wp\/v2\/types\/post"}],"author":[{"embeddable":true,"href":"https:\/\/www.ucse.edu.ar\/notiucse\/wp-json\/wp\/v2\/users\/1"}],"replies":[{"embeddable":true,"href":"https:\/\/www.ucse.edu.ar\/notiucse\/wp-json\/wp\/v2\/comments?post=1959"}],"version-history":[{"count":2,"href":"https:\/\/www.ucse.edu.ar\/notiucse\/wp-json\/wp\/v2\/posts\/1959\/revisions"}],"predecessor-version":[{"id":1962,"href":"https:\/\/www.ucse.edu.ar\/notiucse\/wp-json\/wp\/v2\/posts\/1959\/revisions\/1962"}],"wp:featuredmedia":[{"embeddable":true,"href":"https:\/\/www.ucse.edu.ar\/notiucse\/wp-json\/wp\/v2\/media\/1960"}],"wp:attachment":[{"href":"https:\/\/www.ucse.edu.ar\/notiucse\/wp-json\/wp\/v2\/media?parent=1959"}],"wp:term":[{"taxonomy":"category","embeddable":true,"href":"https:\/\/www.ucse.edu.ar\/notiucse\/wp-json\/wp\/v2\/categories?post=1959"},{"taxonomy":"post_tag","embeddable":true,"href":"https:\/\/www.ucse.edu.ar\/notiucse\/wp-json\/wp\/v2\/tags?post=1959"}],"curies":[{"name":"wp","href":"https:\/\/api.w.org\/{rel}","templated":true}]}}