{"id":1983,"date":"2018-02-28T18:29:25","date_gmt":"2018-02-28T21:29:25","guid":{"rendered":"http:\/\/www.ucse.edu.ar\/notiucse\/?p=1983"},"modified":"2018-03-05T15:30:21","modified_gmt":"2018-03-05T18:30:21","slug":"firma-de-convenio","status":"publish","type":"post","link":"https:\/\/www.ucse.edu.ar\/notiucse\/2018\/02\/28\/firma-de-convenio\/","title":{"rendered":"Firma de convenio sobre programas de capacitaci\u00f3n"},"content":{"rendered":"<p>El 22 de febrero se firm\u00f3 un Protocolo Espec\u00edfico entre la UCSE y la Fundaci\u00f3n Red MiIlenium. Estuvieron presentes autoridades de la universidad, representadas por el Sr. Vicerrector Acad\u00e9mico Lic. Victor Manuel Feijoo\u00a0y por la Fundaci\u00f3n Red MiIlenium, el Sr.\u00a0Daniel Alfredo Arnedo.<\/p>\n<p>El convenio trata sobre la evoluci\u00f3n y certificaci\u00f3n de programas de capacitaci\u00f3n, tales como: \u201cCurso de Aparatolog\u00eda Est\u00e9tica Facial y Corporal\u201d, \u201cCurso de Maquillaje Profesional\u201d, \u201cCurso de Masoterapia y t\u00e9cnicas de masajes profesional y \u201cCurso de Cosmetolog\u00eda profesional\u201d. De esta forma, la UCSE se comprometi\u00f3 a colaborar activamente en la mejora de la calidad de acciones educativas que dicha fundaci\u00f3n organiza y gestiona en sus centros de asociados.<\/p>\n<p>Cabe destacar que la Fundaci\u00f3n Red Millenium es una instituci\u00f3n dedicada a la capacitaci\u00f3n profesional laboral para el desarrollo de recursos humanos.<\/p>\n<p><img fetchpriority=\"high\" decoding=\"async\" class=\" size-large wp-image-1986 alignleft\" src=\"http:\/\/www.ucse.edu.ar\/notiucse\/wp-content\/uploads\/2018\/02\/IMG_9163-recortada-1024x683.jpg\" alt=\"IMG_9163 recortada\" width=\"620\" height=\"414\" srcset=\"https:\/\/www.ucse.edu.ar\/notiucse\/wp-content\/uploads\/2018\/02\/IMG_9163-recortada-1024x683.jpg 1024w, https:\/\/www.ucse.edu.ar\/notiucse\/wp-content\/uploads\/2018\/02\/IMG_9163-recortada-300x200.jpg 300w\" sizes=\"(max-width: 620px) 100vw, 620px\" \/><\/p>\n","protected":false},"excerpt":{"rendered":"<p>El 22 de febrero se firm\u00f3 un Protocolo Espec\u00edfico entre la UCSE y la Fundaci\u00f3n Red MiIlenium. Estuvieron presentes autoridades de la universidad, representadas por el Sr. Vicerrector Acad\u00e9mico Lic. Victor Manuel Feijoo\u00a0y por la Fundaci\u00f3n Red MiIlenium, el Sr.\u00a0Daniel Alfredo Arnedo. El convenio trata sobre la evoluci\u00f3n y certificaci\u00f3n de programas de capacitaci\u00f3n, tales [&hellip;]<\/p>\n","protected":false},"author":1,"featured_media":1985,"comment_status":"closed","ping_status":"closed","sticky":false,"template":"","format":"standard","meta":{"_exactmetrics_skip_tracking":false,"_exactmetrics_sitenote_active":false,"_exactmetrics_sitenote_note":"","_exactmetrics_sitenote_category":0,"footnotes":""},"categories":[72],"tags":[],"_links":{"self":[{"href":"https:\/\/www.ucse.edu.ar\/notiucse\/wp-json\/wp\/v2\/posts\/1983"}],"collection":[{"href":"https:\/\/www.ucse.edu.ar\/notiucse\/wp-json\/wp\/v2\/posts"}],"about":[{"href":"https:\/\/www.ucse.edu.ar\/notiucse\/wp-json\/wp\/v2\/types\/post"}],"author":[{"embeddable":true,"href":"https:\/\/www.ucse.edu.ar\/notiucse\/wp-json\/wp\/v2\/users\/1"}],"replies":[{"embeddable":true,"href":"https:\/\/www.ucse.edu.ar\/notiucse\/wp-json\/wp\/v2\/comments?post=1983"}],"version-history":[{"count":4,"href":"https:\/\/www.ucse.edu.ar\/notiucse\/wp-json\/wp\/v2\/posts\/1983\/revisions"}],"predecessor-version":[{"id":2016,"href":"https:\/\/www.ucse.edu.ar\/notiucse\/wp-json\/wp\/v2\/posts\/1983\/revisions\/2016"}],"wp:featuredmedia":[{"embeddable":true,"href":"https:\/\/www.ucse.edu.ar\/notiucse\/wp-json\/wp\/v2\/media\/1985"}],"wp:attachment":[{"href":"https:\/\/www.ucse.edu.ar\/notiucse\/wp-json\/wp\/v2\/media?parent=1983"}],"wp:term":[{"taxonomy":"category","embeddable":true,"href":"https:\/\/www.ucse.edu.ar\/notiucse\/wp-json\/wp\/v2\/categories?post=1983"},{"taxonomy":"post_tag","embeddable":true,"href":"https:\/\/www.ucse.edu.ar\/notiucse\/wp-json\/wp\/v2\/tags?post=1983"}],"curies":[{"name":"wp","href":"https:\/\/api.w.org\/{rel}","templated":true}]}}