{"id":202,"date":"2013-10-29T16:25:30","date_gmt":"2013-10-29T16:25:30","guid":{"rendered":"http:\/\/www.ucse.edu.ar\/notiucse\/?p=202"},"modified":"2013-10-30T15:10:50","modified_gmt":"2013-10-30T15:10:50","slug":"jornada-de-orientacion-vocacional-y-jornadas-de-informacion-de-carreras-2014-en-la-ucse-dar","status":"publish","type":"post","link":"https:\/\/www.ucse.edu.ar\/notiucse\/2013\/10\/29\/jornada-de-orientacion-vocacional-y-jornadas-de-informacion-de-carreras-2014-en-la-ucse-dar\/","title":{"rendered":"Jornada de Orientaci\u00f3n Vocacional y Jornadas de Informaci\u00f3n de Carreras 2014 en la UCSE DAR"},"content":{"rendered":"<p>Durante el mes de agosto \u00a0tuvo lugar en el Campus del DAR &#8211; Universidad Cat\u00f3lica de Santiago del Estero (Av. H. Yrigoyen 1502) una Jornada de Orientaci\u00f3n Vocacional.<\/p>\n<p>Tambi\u00e9n, se desarrollaron las jornadas de Informaci\u00f3n de Carreras 2014 a cargo de los docentes, el coordinador de cada especialidad, estudiantes que cursan actualmente la carrera y ex alumnos que ya se desempe\u00f1an en la vida activa profesional. Cada uno de ellos con la capacitaci\u00f3n suficiente como para poder contestar a los interrogantes de los participantes, a fin de orientarlos y resolver sus inquietudes acerca de la carrera que les interesaba.<\/p>\n<p style=\"text-align: center;\"><a href=\"http:\/\/www.ucse.edu.ar\/notiucse\/wp-content\/uploads\/2013\/10\/jornadas.jpg\"><img fetchpriority=\"high\" decoding=\"async\" class=\" wp-image-203 aligncenter\" alt=\"jornadas\" src=\"http:\/\/www.ucse.edu.ar\/notiucse\/wp-content\/uploads\/2013\/10\/jornadas.jpg\" width=\"800\" height=\"451\" srcset=\"https:\/\/www.ucse.edu.ar\/notiucse\/wp-content\/uploads\/2013\/10\/jornadas.jpg 2224w, https:\/\/www.ucse.edu.ar\/notiucse\/wp-content\/uploads\/2013\/10\/jornadas-300x168.jpg 300w, https:\/\/www.ucse.edu.ar\/notiucse\/wp-content\/uploads\/2013\/10\/jornadas-1024x576.jpg 1024w, https:\/\/www.ucse.edu.ar\/notiucse\/wp-content\/uploads\/2013\/10\/jornadas-460x260.jpg 460w\" sizes=\"(max-width: 800px) 100vw, 800px\" \/><\/a><\/p>\n<p>&nbsp;<\/p>\n","protected":false},"excerpt":{"rendered":"<p>Durante el mes de agosto \u00a0tuvo lugar en el Campus del DAR &#8211; Universidad Cat\u00f3lica de Santiago del Estero (Av. H. Yrigoyen 1502) una Jornada de Orientaci\u00f3n Vocacional. Tambi\u00e9n, se desarrollaron las jornadas de Informaci\u00f3n de Carreras 2014 a cargo de los docentes, el coordinador de cada especialidad, estudiantes que cursan actualmente la carrera y [&hellip;]<\/p>\n","protected":false},"author":1,"featured_media":203,"comment_status":"closed","ping_status":"closed","sticky":false,"template":"","format":"standard","meta":{"_exactmetrics_skip_tracking":false,"_exactmetrics_sitenote_active":false,"_exactmetrics_sitenote_note":"","_exactmetrics_sitenote_category":0,"footnotes":""},"categories":[20],"tags":[35],"_links":{"self":[{"href":"https:\/\/www.ucse.edu.ar\/notiucse\/wp-json\/wp\/v2\/posts\/202"}],"collection":[{"href":"https:\/\/www.ucse.edu.ar\/notiucse\/wp-json\/wp\/v2\/posts"}],"about":[{"href":"https:\/\/www.ucse.edu.ar\/notiucse\/wp-json\/wp\/v2\/types\/post"}],"author":[{"embeddable":true,"href":"https:\/\/www.ucse.edu.ar\/notiucse\/wp-json\/wp\/v2\/users\/1"}],"replies":[{"embeddable":true,"href":"https:\/\/www.ucse.edu.ar\/notiucse\/wp-json\/wp\/v2\/comments?post=202"}],"version-history":[{"count":2,"href":"https:\/\/www.ucse.edu.ar\/notiucse\/wp-json\/wp\/v2\/posts\/202\/revisions"}],"predecessor-version":[{"id":246,"href":"https:\/\/www.ucse.edu.ar\/notiucse\/wp-json\/wp\/v2\/posts\/202\/revisions\/246"}],"wp:featuredmedia":[{"embeddable":true,"href":"https:\/\/www.ucse.edu.ar\/notiucse\/wp-json\/wp\/v2\/media\/203"}],"wp:attachment":[{"href":"https:\/\/www.ucse.edu.ar\/notiucse\/wp-json\/wp\/v2\/media?parent=202"}],"wp:term":[{"taxonomy":"category","embeddable":true,"href":"https:\/\/www.ucse.edu.ar\/notiucse\/wp-json\/wp\/v2\/categories?post=202"},{"taxonomy":"post_tag","embeddable":true,"href":"https:\/\/www.ucse.edu.ar\/notiucse\/wp-json\/wp\/v2\/tags?post=202"}],"curies":[{"name":"wp","href":"https:\/\/api.w.org\/{rel}","templated":true}]}}