{"id":255,"date":"2013-11-05T12:49:52","date_gmt":"2013-11-05T12:49:52","guid":{"rendered":"http:\/\/www.ucse.edu.ar\/notiucse\/?p=255"},"modified":"2013-11-13T14:54:35","modified_gmt":"2013-11-13T14:54:35","slug":"se-llevo-a-cabo-el-encuentro-de-investigadores-la-investigacion-en-la-ucse-en-la-sede-santiago","status":"publish","type":"post","link":"https:\/\/www.ucse.edu.ar\/notiucse\/2013\/11\/05\/se-llevo-a-cabo-el-encuentro-de-investigadores-la-investigacion-en-la-ucse-en-la-sede-santiago\/","title":{"rendered":"Se llev\u00f3 a cabo el \u201cEncuentro de investigadores. La investigaci\u00f3n en la UCSE\u201d en la Sede Santiago"},"content":{"rendered":"<p>Bajo el lema \u201cEspacio donde el conocimiento tiene valor\u201d, se llev\u00f3 a cabo el \u201c<b>Encuentro de investigadores. La investigaci\u00f3n en la UCSE<\/b>\u201d los d\u00edas 24 y 25 de octubre en el Aula 39 de la Biblioteca Central \u201cDr. Orestes Di Lullo\u201d de Sede Santiago de la Universidad cat\u00f3lica de Santiago del Estero.<\/p>\n<p>El prop\u00f3sito del \u201c<b>Encuentro de investigadores. La investigaci\u00f3n en la UCSE<\/b>\u201d (Resoluci\u00f3n N\u00ba 304\/2013) fu\u00e9 socializar las producciones cient\u00edfico-acad\u00e9micas de la UCSE para conocer su impacto, relevancia, pertinencia y fortalecer la visibilidad institucional. Aumentar la sinergia en las \u00e1reas de I+D+i de la Universidad permitir\u00e1 la creaci\u00f3n de nuevas oportunidades para aportar valor a la sociedad y ser referentes de futuro en el marco de Responsabilidad Social y Cultural universitaria.<\/p>\n<p style=\"text-align: center;\"><a href=\"http:\/\/www.ucse.edu.ar\/notiucse\/wp-content\/uploads\/2013\/11\/collageencuentro.jpg\"><img fetchpriority=\"high\" decoding=\"async\" class=\" wp-image-258 aligncenter\" alt=\"collageencuentro\" src=\"http:\/\/www.ucse.edu.ar\/notiucse\/wp-content\/uploads\/2013\/11\/collageencuentro.jpg\" width=\"720\" height=\"720\" srcset=\"https:\/\/www.ucse.edu.ar\/notiucse\/wp-content\/uploads\/2013\/11\/collageencuentro.jpg 1200w, https:\/\/www.ucse.edu.ar\/notiucse\/wp-content\/uploads\/2013\/11\/collageencuentro-150x150.jpg 150w, https:\/\/www.ucse.edu.ar\/notiucse\/wp-content\/uploads\/2013\/11\/collageencuentro-300x300.jpg 300w, https:\/\/www.ucse.edu.ar\/notiucse\/wp-content\/uploads\/2013\/11\/collageencuentro-1024x1024.jpg 1024w, https:\/\/www.ucse.edu.ar\/notiucse\/wp-content\/uploads\/2013\/11\/collageencuentro-50x50.jpg 50w\" sizes=\"(max-width: 720px) 100vw, 720px\" \/><\/a><\/p>\n<p style=\"text-align: center;\"><a href=\"http:\/\/www.ucse.edu.ar\/notiucse\/wp-content\/uploads\/2013\/11\/collageinves.jpg\"><img decoding=\"async\" class=\" wp-image-261 aligncenter\" alt=\"collageinves\" src=\"http:\/\/www.ucse.edu.ar\/notiucse\/wp-content\/uploads\/2013\/11\/collageinves.jpg\" width=\"720\" height=\"482\" srcset=\"https:\/\/www.ucse.edu.ar\/notiucse\/wp-content\/uploads\/2013\/11\/collageinves.jpg 1200w, https:\/\/www.ucse.edu.ar\/notiucse\/wp-content\/uploads\/2013\/11\/collageinves-300x201.jpg 300w, https:\/\/www.ucse.edu.ar\/notiucse\/wp-content\/uploads\/2013\/11\/collageinves-1024x686.jpg 1024w\" sizes=\"(max-width: 720px) 100vw, 720px\" \/><\/a><\/p>\n<p>&nbsp;<\/p>\n<p>El jueves 24, se realiz\u00f3 la presentaci\u00f3n sint\u00e9tica de proyectos e investigaciones a cargo de m\u00e1s de 60 investigadores de la UCSE.<\/p>\n<p style=\"text-align: center;\"><a href=\"http:\/\/www.ucse.edu.ar\/notiucse\/wp-content\/uploads\/2013\/11\/collageINVES.jpg\"><img decoding=\"async\" class=\" wp-image-353 aligncenter\" alt=\"collageINVES\" src=\"http:\/\/www.ucse.edu.ar\/notiucse\/wp-content\/uploads\/2013\/11\/collageINVES.jpg\" width=\"756\" height=\"756\" srcset=\"https:\/\/www.ucse.edu.ar\/notiucse\/wp-content\/uploads\/2013\/11\/collageINVES.jpg 1200w, https:\/\/www.ucse.edu.ar\/notiucse\/wp-content\/uploads\/2013\/11\/collageINVES-150x150.jpg 150w, https:\/\/www.ucse.edu.ar\/notiucse\/wp-content\/uploads\/2013\/11\/collageINVES-300x300.jpg 300w, https:\/\/www.ucse.edu.ar\/notiucse\/wp-content\/uploads\/2013\/11\/collageINVES-1024x1024.jpg 1024w, https:\/\/www.ucse.edu.ar\/notiucse\/wp-content\/uploads\/2013\/11\/collageINVES-50x50.jpg 50w\" sizes=\"(max-width: 756px) 100vw, 756px\" \/><\/a><\/p>\n<p>&nbsp;<\/p>\n<p>Ese mismo d\u00eda, se llev\u00f3 a cabo la conferencia \u201c<b>Del Conocimiento como Poder al Conocimiento como Servicio. <\/b>Educar e investigar desde un nuevo paradigma hol\u00edstico\u201d a cargo de la Mgter. Ana Mar\u00eda Llamazares; qui\u00e9n adem\u00e1s tuvo a su cargo la observaci\u00f3n Acad\u00e9mica, coordinaci\u00f3n y din\u00e1mica de los talleres.<\/p>\n<p>&nbsp;<\/p>\n<p style=\"text-align: center;\"><a href=\"http:\/\/www.ucse.edu.ar\/notiucse\/wp-content\/uploads\/2013\/11\/collageconfe.jpg\"><img loading=\"lazy\" decoding=\"async\" class=\" wp-image-256 aligncenter\" alt=\"collageconfe\" src=\"http:\/\/www.ucse.edu.ar\/notiucse\/wp-content\/uploads\/2013\/11\/collageconfe.jpg\" width=\"720\" height=\"238\" srcset=\"https:\/\/www.ucse.edu.ar\/notiucse\/wp-content\/uploads\/2013\/11\/collageconfe.jpg 1200w, https:\/\/www.ucse.edu.ar\/notiucse\/wp-content\/uploads\/2013\/11\/collageconfe-300x99.jpg 300w, https:\/\/www.ucse.edu.ar\/notiucse\/wp-content\/uploads\/2013\/11\/collageconfe-1024x337.jpg 1024w\" sizes=\"(max-width: 720px) 100vw, 720px\" \/><\/a><\/p>\n<p style=\"text-align: center;\"><a href=\"http:\/\/www.ucse.edu.ar\/notiucse\/wp-content\/uploads\/2013\/11\/collageconferencia.jpg\"><img loading=\"lazy\" decoding=\"async\" class=\" wp-image-257 aligncenter\" alt=\"collageconferencia\" src=\"http:\/\/www.ucse.edu.ar\/notiucse\/wp-content\/uploads\/2013\/11\/collageconferencia.jpg\" width=\"720\" height=\"720\" srcset=\"https:\/\/www.ucse.edu.ar\/notiucse\/wp-content\/uploads\/2013\/11\/collageconferencia.jpg 1200w, https:\/\/www.ucse.edu.ar\/notiucse\/wp-content\/uploads\/2013\/11\/collageconferencia-150x150.jpg 150w, https:\/\/www.ucse.edu.ar\/notiucse\/wp-content\/uploads\/2013\/11\/collageconferencia-300x300.jpg 300w, https:\/\/www.ucse.edu.ar\/notiucse\/wp-content\/uploads\/2013\/11\/collageconferencia-1024x1024.jpg 1024w, https:\/\/www.ucse.edu.ar\/notiucse\/wp-content\/uploads\/2013\/11\/collageconferencia-50x50.jpg 50w\" sizes=\"(max-width: 720px) 100vw, 720px\" \/><\/a><\/p>\n<p>&nbsp;<\/p>\n<p>El viernes 25 se realizaron los talleres de prospectiva, cuyo objetivo era iniciar procesos din\u00e1micos en la construcci\u00f3n de orientaciones estrat\u00e9gicas para la co-creaci\u00f3n de en la investigaci\u00f3n como componente de la organizaci\u00f3n.<\/p>\n<p>&nbsp;<\/p>\n<p style=\"text-align: center;\"><a href=\"http:\/\/www.ucse.edu.ar\/notiucse\/wp-content\/uploads\/2013\/11\/collagevarias.jpg\"><img loading=\"lazy\" decoding=\"async\" class=\" wp-image-262 aligncenter\" alt=\"collagevarias\" src=\"http:\/\/www.ucse.edu.ar\/notiucse\/wp-content\/uploads\/2013\/11\/collagevarias.jpg\" width=\"720\" height=\"720\" srcset=\"https:\/\/www.ucse.edu.ar\/notiucse\/wp-content\/uploads\/2013\/11\/collagevarias.jpg 1200w, https:\/\/www.ucse.edu.ar\/notiucse\/wp-content\/uploads\/2013\/11\/collagevarias-150x150.jpg 150w, https:\/\/www.ucse.edu.ar\/notiucse\/wp-content\/uploads\/2013\/11\/collagevarias-300x300.jpg 300w, https:\/\/www.ucse.edu.ar\/notiucse\/wp-content\/uploads\/2013\/11\/collagevarias-1024x1024.jpg 1024w, https:\/\/www.ucse.edu.ar\/notiucse\/wp-content\/uploads\/2013\/11\/collagevarias-50x50.jpg 50w\" sizes=\"(max-width: 720px) 100vw, 720px\" \/><\/a><\/p>\n","protected":false},"excerpt":{"rendered":"<p>Bajo el lema \u201cEspacio donde el conocimiento tiene valor\u201d, se llev\u00f3 a cabo el \u201cEncuentro de investigadores. La investigaci\u00f3n en la UCSE\u201d los d\u00edas 24 y 25 de octubre en el Aula 39 de la Biblioteca Central \u201cDr. Orestes Di Lullo\u201d de Sede Santiago de la Universidad cat\u00f3lica de Santiago del Estero. El prop\u00f3sito del [&hellip;]<\/p>\n","protected":false},"author":1,"featured_media":260,"comment_status":"closed","ping_status":"closed","sticky":false,"template":"","format":"standard","meta":{"_exactmetrics_skip_tracking":false,"_exactmetrics_sitenote_active":false,"_exactmetrics_sitenote_note":"","_exactmetrics_sitenote_category":0,"footnotes":""},"categories":[21,19,20,72],"tags":[38],"_links":{"self":[{"href":"https:\/\/www.ucse.edu.ar\/notiucse\/wp-json\/wp\/v2\/posts\/255"}],"collection":[{"href":"https:\/\/www.ucse.edu.ar\/notiucse\/wp-json\/wp\/v2\/posts"}],"about":[{"href":"https:\/\/www.ucse.edu.ar\/notiucse\/wp-json\/wp\/v2\/types\/post"}],"author":[{"embeddable":true,"href":"https:\/\/www.ucse.edu.ar\/notiucse\/wp-json\/wp\/v2\/users\/1"}],"replies":[{"embeddable":true,"href":"https:\/\/www.ucse.edu.ar\/notiucse\/wp-json\/wp\/v2\/comments?post=255"}],"version-history":[{"count":3,"href":"https:\/\/www.ucse.edu.ar\/notiucse\/wp-json\/wp\/v2\/posts\/255\/revisions"}],"predecessor-version":[{"id":354,"href":"https:\/\/www.ucse.edu.ar\/notiucse\/wp-json\/wp\/v2\/posts\/255\/revisions\/354"}],"wp:featuredmedia":[{"embeddable":true,"href":"https:\/\/www.ucse.edu.ar\/notiucse\/wp-json\/wp\/v2\/media\/260"}],"wp:attachment":[{"href":"https:\/\/www.ucse.edu.ar\/notiucse\/wp-json\/wp\/v2\/media?parent=255"}],"wp:term":[{"taxonomy":"category","embeddable":true,"href":"https:\/\/www.ucse.edu.ar\/notiucse\/wp-json\/wp\/v2\/categories?post=255"},{"taxonomy":"post_tag","embeddable":true,"href":"https:\/\/www.ucse.edu.ar\/notiucse\/wp-json\/wp\/v2\/tags?post=255"}],"curies":[{"name":"wp","href":"https:\/\/api.w.org\/{rel}","templated":true}]}}