{"id":329,"date":"2013-11-12T12:02:46","date_gmt":"2013-11-12T12:02:46","guid":{"rendered":"http:\/\/www.ucse.edu.ar\/notiucse\/?p=329"},"modified":"2013-11-12T12:02:46","modified_gmt":"2013-11-12T12:02:46","slug":"radio-ciu-y-la-ucse-en-carrera-dos-programas-radiales-que-buscan-crear-vinculos-con-los-jovenes","status":"publish","type":"post","link":"https:\/\/www.ucse.edu.ar\/notiucse\/2013\/11\/12\/radio-ciu-y-la-ucse-en-carrera-dos-programas-radiales-que-buscan-crear-vinculos-con-los-jovenes\/","title":{"rendered":"\u201cRadio CIU\u201d y \u201cLa UCSE en Carrera\u201d: Dos programas radiales que buscan crear v\u00ednculos con los j\u00f3venes"},"content":{"rendered":"<p><b><i>Radio CIU<\/i><\/b> es un programa realizado desde el Centro de Informaci\u00f3n Universitaria, que establece un v\u00ednculo con los j\u00f3venes de los \u00faltimos a\u00f1os del Nivel Medio, dando a conocer la oferta educativa de la UCSE, desde la experiencia de profesores y alumnos de todas las carreras.<\/p>\n<p>A trav\u00e9s de las inquietudes que \u00a0los j\u00f3venes plantean en actividades que realiza el CIU, en cuanto a la vocaci\u00f3n, surgen las diferentes tem\u00e1ticas \u00a0como respuestas a las mismas.<\/p>\n<p>Es un espacio en donde tambi\u00e9n los colegios pueden difundir sus actividades relacionadas a voluntariados y proyectos en donde los j\u00f3venes sean los protagonistas.<\/p>\n<p><b>Transmisi\u00f3n:<\/b> Lunes de 16.00 a 17.00 hs en vivo, repetici\u00f3n S\u00e1bados de 9.00 a 10.00 hs.<\/p>\n<p><i>En Radio Estudio Uno \u2013 104.9 FM<\/i><\/p>\n<p><b>Conduce: <\/b>Valeria Dioli<b><\/b><\/p>\n<p><b>Facebook:<\/b> \u00a0 Ra DIO CIU<\/p>\n<p>&nbsp;<\/p>\n<p style=\"text-align: center;\"><a href=\"http:\/\/www.ucse.edu.ar\/notiucse\/wp-content\/uploads\/2013\/11\/collageRADIOCIU.jpg\"><img fetchpriority=\"high\" decoding=\"async\" class=\" wp-image-330 aligncenter\" alt=\"collageRADIOCIU\" src=\"http:\/\/www.ucse.edu.ar\/notiucse\/wp-content\/uploads\/2013\/11\/collageRADIOCIU.jpg\" width=\"840\" height=\"840\" srcset=\"https:\/\/www.ucse.edu.ar\/notiucse\/wp-content\/uploads\/2013\/11\/collageRADIOCIU.jpg 1200w, https:\/\/www.ucse.edu.ar\/notiucse\/wp-content\/uploads\/2013\/11\/collageRADIOCIU-150x150.jpg 150w, https:\/\/www.ucse.edu.ar\/notiucse\/wp-content\/uploads\/2013\/11\/collageRADIOCIU-300x300.jpg 300w, https:\/\/www.ucse.edu.ar\/notiucse\/wp-content\/uploads\/2013\/11\/collageRADIOCIU-1024x1024.jpg 1024w, https:\/\/www.ucse.edu.ar\/notiucse\/wp-content\/uploads\/2013\/11\/collageRADIOCIU-50x50.jpg 50w\" sizes=\"(max-width: 840px) 100vw, 840px\" \/><\/a><\/p>\n<p><b><i>La UCSE en Carrera <\/i><\/b>un programa donde damos a conocer los cursos, seminarios y toda actividad que suceda en la UCSE y se promueva desde la Instituci\u00f3n a la comunidad.<\/p>\n<p>A trav\u00e9s de entrevistas a profesionales de la casa, docentes y personal administrativo, etc. potenciamos el \u00a0Recurso Humano que tiene la \u00a0Universidad Cat\u00f3lica.<\/p>\n<p><b>Transmisi\u00f3n:<\/b> Viernes de 11.00 a 12.00 hs.<\/p>\n<p><i>En Radio Estudio Uno \u2013 104.9 FM<\/i><\/p>\n<p><b>Conduce: <\/b>Valeria Dioli<b><\/b><\/p>\n","protected":false},"excerpt":{"rendered":"<p>Radio CIU es un programa realizado desde el Centro de Informaci\u00f3n Universitaria, que establece un v\u00ednculo con los j\u00f3venes de los \u00faltimos a\u00f1os del Nivel Medio, dando a conocer la oferta educativa de la UCSE, desde la experiencia de profesores y alumnos de todas las carreras. A trav\u00e9s de las inquietudes que \u00a0los j\u00f3venes plantean [&hellip;]<\/p>\n","protected":false},"author":1,"featured_media":330,"comment_status":"closed","ping_status":"closed","sticky":false,"template":"","format":"standard","meta":{"_exactmetrics_skip_tracking":false,"_exactmetrics_sitenote_active":false,"_exactmetrics_sitenote_note":"","_exactmetrics_sitenote_category":0,"footnotes":""},"categories":[1],"tags":[46],"_links":{"self":[{"href":"https:\/\/www.ucse.edu.ar\/notiucse\/wp-json\/wp\/v2\/posts\/329"}],"collection":[{"href":"https:\/\/www.ucse.edu.ar\/notiucse\/wp-json\/wp\/v2\/posts"}],"about":[{"href":"https:\/\/www.ucse.edu.ar\/notiucse\/wp-json\/wp\/v2\/types\/post"}],"author":[{"embeddable":true,"href":"https:\/\/www.ucse.edu.ar\/notiucse\/wp-json\/wp\/v2\/users\/1"}],"replies":[{"embeddable":true,"href":"https:\/\/www.ucse.edu.ar\/notiucse\/wp-json\/wp\/v2\/comments?post=329"}],"version-history":[{"count":1,"href":"https:\/\/www.ucse.edu.ar\/notiucse\/wp-json\/wp\/v2\/posts\/329\/revisions"}],"predecessor-version":[{"id":331,"href":"https:\/\/www.ucse.edu.ar\/notiucse\/wp-json\/wp\/v2\/posts\/329\/revisions\/331"}],"wp:featuredmedia":[{"embeddable":true,"href":"https:\/\/www.ucse.edu.ar\/notiucse\/wp-json\/wp\/v2\/media\/330"}],"wp:attachment":[{"href":"https:\/\/www.ucse.edu.ar\/notiucse\/wp-json\/wp\/v2\/media?parent=329"}],"wp:term":[{"taxonomy":"category","embeddable":true,"href":"https:\/\/www.ucse.edu.ar\/notiucse\/wp-json\/wp\/v2\/categories?post=329"},{"taxonomy":"post_tag","embeddable":true,"href":"https:\/\/www.ucse.edu.ar\/notiucse\/wp-json\/wp\/v2\/tags?post=329"}],"curies":[{"name":"wp","href":"https:\/\/api.w.org\/{rel}","templated":true}]}}