{"id":3606,"date":"2019-04-22T19:35:54","date_gmt":"2019-04-22T22:35:54","guid":{"rendered":"http:\/\/www.ucse.edu.ar\/notiucse\/?p=3606"},"modified":"2019-04-22T19:35:54","modified_gmt":"2019-04-22T22:35:54","slug":"reunion-por-el-concurso-rafaela-innovaccion-2019","status":"publish","type":"post","link":"https:\/\/www.ucse.edu.ar\/notiucse\/2019\/04\/22\/reunion-por-el-concurso-rafaela-innovaccion-2019\/","title":{"rendered":"Reuni\u00f3n por el Concurso Rafaela Innovacci\u00f3n 2019"},"content":{"rendered":"<p class=\"x_MsoNormal\" style=\"text-align: justify;\"><img fetchpriority=\"high\" decoding=\"async\" class=\"aligncenter size-full wp-image-3607\" src=\"http:\/\/www.ucse.edu.ar\/notiucse\/wp-content\/uploads\/2019\/04\/33.jpg\" alt=\"3\" width=\"1001\" height=\"667\" srcset=\"https:\/\/www.ucse.edu.ar\/notiucse\/wp-content\/uploads\/2019\/04\/33.jpg 1001w, https:\/\/www.ucse.edu.ar\/notiucse\/wp-content\/uploads\/2019\/04\/33-300x200.jpg 300w\" sizes=\"(max-width: 1001px) 100vw, 1001px\" \/><\/p>\n<p class=\"x_MsoNormal\" style=\"text-align: justify;\"><span lang=\"ES-AR\">El pasado jueves 11 de abril, en la sala 4 del Complejo Cultural del Viejo Mercado (CCVM), se llev\u00f3 a cabo una reuni\u00f3n informativa con referentes de las casas de estudios del nivel superior.<\/span><\/p>\n<p class=\"x_MsoNormal\" style=\"text-align: justify;\"><span lang=\"ES-AR\">Representantes de la Secretar\u00eda de Desarrollo, Innovaci\u00f3n y Relaciones Internacionales y de la Subsecretar\u00eda de Gesti\u00f3n y Participaci\u00f3n de la Ciudad de Rafaela, brindaron detalles sobre la din\u00e1mica que tendr\u00e1 la nueva edici\u00f3n del concurso de ideas Rafaela innovaccion, respondieron todas las consultas y dejaron la invitaci\u00f3n para el lanzamiento del concurso, que se llevar\u00e1 adelante el d\u00eda martes 16 de abril, con la presentaci\u00f3n de Mateo Salvatto, un joven \u00a0emprendedor de nuestro pa\u00eds, creador de \u00a1H\u00e1blalo! una app dise\u00f1ada para asistir a personas con problemas auditivos y dificultades para comunicarse verbalmente, que busca romper con las barreras de la comunicaci\u00f3n.<\/span><\/p>\n<p class=\"x_MsoNormal\" style=\"text-align: justify;\"><span lang=\"ES-AR\">Participaron de la reuni\u00f3n, la Secretaria de Extensi\u00f3n, Yamila Gagliardo, y el presidente del Centro de Estudiantes, Santiago Solaro, quienes hab\u00edan sido especialmente invitados a participar de la misma.<\/span><\/p>\n","protected":false},"excerpt":{"rendered":"<p>El pasado jueves 11 de abril, en la sala 4 del Complejo Cultural del Viejo Mercado (CCVM), se llev\u00f3 a cabo una reuni\u00f3n informativa con referentes de las casas de estudios del nivel superior. Representantes de la Secretar\u00eda de Desarrollo, Innovaci\u00f3n y Relaciones Internacionales y de la Subsecretar\u00eda de Gesti\u00f3n y Participaci\u00f3n de la Ciudad [&hellip;]<\/p>\n","protected":false},"author":1,"featured_media":3607,"comment_status":"closed","ping_status":"closed","sticky":false,"template":"","format":"standard","meta":{"_exactmetrics_skip_tracking":false,"_exactmetrics_sitenote_active":false,"_exactmetrics_sitenote_note":"","_exactmetrics_sitenote_category":0,"footnotes":""},"categories":[20],"tags":[],"_links":{"self":[{"href":"https:\/\/www.ucse.edu.ar\/notiucse\/wp-json\/wp\/v2\/posts\/3606"}],"collection":[{"href":"https:\/\/www.ucse.edu.ar\/notiucse\/wp-json\/wp\/v2\/posts"}],"about":[{"href":"https:\/\/www.ucse.edu.ar\/notiucse\/wp-json\/wp\/v2\/types\/post"}],"author":[{"embeddable":true,"href":"https:\/\/www.ucse.edu.ar\/notiucse\/wp-json\/wp\/v2\/users\/1"}],"replies":[{"embeddable":true,"href":"https:\/\/www.ucse.edu.ar\/notiucse\/wp-json\/wp\/v2\/comments?post=3606"}],"version-history":[{"count":1,"href":"https:\/\/www.ucse.edu.ar\/notiucse\/wp-json\/wp\/v2\/posts\/3606\/revisions"}],"predecessor-version":[{"id":3608,"href":"https:\/\/www.ucse.edu.ar\/notiucse\/wp-json\/wp\/v2\/posts\/3606\/revisions\/3608"}],"wp:featuredmedia":[{"embeddable":true,"href":"https:\/\/www.ucse.edu.ar\/notiucse\/wp-json\/wp\/v2\/media\/3607"}],"wp:attachment":[{"href":"https:\/\/www.ucse.edu.ar\/notiucse\/wp-json\/wp\/v2\/media?parent=3606"}],"wp:term":[{"taxonomy":"category","embeddable":true,"href":"https:\/\/www.ucse.edu.ar\/notiucse\/wp-json\/wp\/v2\/categories?post=3606"},{"taxonomy":"post_tag","embeddable":true,"href":"https:\/\/www.ucse.edu.ar\/notiucse\/wp-json\/wp\/v2\/tags?post=3606"}],"curies":[{"name":"wp","href":"https:\/\/api.w.org\/{rel}","templated":true}]}}