{"id":3612,"date":"2019-04-22T19:35:58","date_gmt":"2019-04-22T22:35:58","guid":{"rendered":"http:\/\/www.ucse.edu.ar\/notiucse\/?p=3612"},"modified":"2019-04-22T19:35:58","modified_gmt":"2019-04-22T22:35:58","slug":"inicio-una-nueva-cohorte-del-curso-sobre-salud-mental","status":"publish","type":"post","link":"https:\/\/www.ucse.edu.ar\/notiucse\/2019\/04\/22\/inicio-una-nueva-cohorte-del-curso-sobre-salud-mental\/","title":{"rendered":"Inici\u00f3 una nueva cohorte del curso sobre Salud Mental"},"content":{"rendered":"<p class=\"x_MsoNormal\" style=\"text-align: justify;\"><img fetchpriority=\"high\" decoding=\"async\" class=\"aligncenter size-full wp-image-3613\" src=\"http:\/\/www.ucse.edu.ar\/notiucse\/wp-content\/uploads\/2019\/04\/53.jpg\" alt=\"5\" width=\"1001\" height=\"667\" srcset=\"https:\/\/www.ucse.edu.ar\/notiucse\/wp-content\/uploads\/2019\/04\/53.jpg 1001w, https:\/\/www.ucse.edu.ar\/notiucse\/wp-content\/uploads\/2019\/04\/53-300x200.jpg 300w\" sizes=\"(max-width: 1001px) 100vw, 1001px\" \/><\/p>\n<p class=\"x_MsoNormal\" style=\"text-align: justify;\"><span lang=\"ES-AR\">El s\u00e1bado 13 de abril dio inicio el curso de Actualizaci\u00f3n en Salud Mental,\u00a0<\/span><span lang=\"ES-AR\">destinado a profesionales, estudiantes avanzados de carreras afines y acompa\u00f1antes terap\u00e9uticos. Esta capacitaci\u00f3n se desarrollar\u00e1 durante 9 meses cursado en modalidad intensiva, es decir, con cur<\/span><span lang=\"ES-AR\">sado un s\u00e1bado al mes, de 9 a 16 hs.<\/span><\/p>\n<p class=\"x_MsoNormal\" style=\"text-align: justify;\"><span lang=\"ES-AR\">Las clases est\u00e1n a cargo de la Mg. Viviana B\u00e1lsamo, la Lic. Alana Vazquez y la Lic. Jimena Fossati.<\/span><\/p>\n<p class=\"x_MsoNormal\" style=\"text-align: justify;\"><span lang=\"ES-AR\">Con esta capacitaci\u00f3n se propone actualizar conocimientos sobre las tem\u00e1ticas propuestas, brindar informaci\u00f3n sobre el diagn\u00f3stico y el tratamiento de patolog\u00edas graves y obtener herramientas te\u00f3ricas pr\u00e1cticas que permitan el an\u00e1lisis de las necesidades espec\u00edficas y la intervenci\u00f3n en cada una de las patolog\u00edas.<\/span><\/p>\n<p class=\"x_MsoNormal\" style=\"text-align: justify;\"><span lang=\"ES-AR\">La actividad est\u00e1 organizada en forma conjunta con la Fundaci\u00f3n Ser Acompa\u00f1ante, Escuela de Capacitaci\u00f3n, Asistencia e Investigaci\u00f3n en Acompa\u00f1amiento Terap\u00e9utico de la ciudad de C\u00f3rdoba.<\/span><\/p>\n<p>&nbsp;<\/p>\n","protected":false},"excerpt":{"rendered":"<p>El s\u00e1bado 13 de abril dio inicio el curso de Actualizaci\u00f3n en Salud Mental,\u00a0destinado a profesionales, estudiantes avanzados de carreras afines y acompa\u00f1antes terap\u00e9uticos. Esta capacitaci\u00f3n se desarrollar\u00e1 durante 9 meses cursado en modalidad intensiva, es decir, con cursado un s\u00e1bado al mes, de 9 a 16 hs. Las clases est\u00e1n a cargo de la [&hellip;]<\/p>\n","protected":false},"author":1,"featured_media":3613,"comment_status":"closed","ping_status":"closed","sticky":false,"template":"","format":"standard","meta":{"_exactmetrics_skip_tracking":false,"_exactmetrics_sitenote_active":false,"_exactmetrics_sitenote_note":"","_exactmetrics_sitenote_category":0,"footnotes":""},"categories":[20],"tags":[],"_links":{"self":[{"href":"https:\/\/www.ucse.edu.ar\/notiucse\/wp-json\/wp\/v2\/posts\/3612"}],"collection":[{"href":"https:\/\/www.ucse.edu.ar\/notiucse\/wp-json\/wp\/v2\/posts"}],"about":[{"href":"https:\/\/www.ucse.edu.ar\/notiucse\/wp-json\/wp\/v2\/types\/post"}],"author":[{"embeddable":true,"href":"https:\/\/www.ucse.edu.ar\/notiucse\/wp-json\/wp\/v2\/users\/1"}],"replies":[{"embeddable":true,"href":"https:\/\/www.ucse.edu.ar\/notiucse\/wp-json\/wp\/v2\/comments?post=3612"}],"version-history":[{"count":1,"href":"https:\/\/www.ucse.edu.ar\/notiucse\/wp-json\/wp\/v2\/posts\/3612\/revisions"}],"predecessor-version":[{"id":3614,"href":"https:\/\/www.ucse.edu.ar\/notiucse\/wp-json\/wp\/v2\/posts\/3612\/revisions\/3614"}],"wp:featuredmedia":[{"embeddable":true,"href":"https:\/\/www.ucse.edu.ar\/notiucse\/wp-json\/wp\/v2\/media\/3613"}],"wp:attachment":[{"href":"https:\/\/www.ucse.edu.ar\/notiucse\/wp-json\/wp\/v2\/media?parent=3612"}],"wp:term":[{"taxonomy":"category","embeddable":true,"href":"https:\/\/www.ucse.edu.ar\/notiucse\/wp-json\/wp\/v2\/categories?post=3612"},{"taxonomy":"post_tag","embeddable":true,"href":"https:\/\/www.ucse.edu.ar\/notiucse\/wp-json\/wp\/v2\/tags?post=3612"}],"curies":[{"name":"wp","href":"https:\/\/api.w.org\/{rel}","templated":true}]}}