{"id":3666,"date":"2019-04-29T19:11:15","date_gmt":"2019-04-29T22:11:15","guid":{"rendered":"http:\/\/www.ucse.edu.ar\/notiucse\/?p=3666"},"modified":"2019-04-29T19:11:15","modified_gmt":"2019-04-29T22:11:15","slug":"reunion-informativa-carrera-de-especializacion-en-tributacion-en-convenio-con-unl","status":"publish","type":"post","link":"https:\/\/www.ucse.edu.ar\/notiucse\/2019\/04\/29\/reunion-informativa-carrera-de-especializacion-en-tributacion-en-convenio-con-unl\/","title":{"rendered":"Reuni\u00f3n informativa carrera de Especializaci\u00f3n en Tributaci\u00f3n, en convenio con UNL"},"content":{"rendered":"<p class=\"x_MsoNormal\" style=\"text-align: justify;\"><img fetchpriority=\"high\" decoding=\"async\" class=\"aligncenter size-full wp-image-3667\" src=\"http:\/\/www.ucse.edu.ar\/notiucse\/wp-content\/uploads\/2019\/04\/84.jpg\" alt=\"8\" width=\"1001\" height=\"667\" srcset=\"https:\/\/www.ucse.edu.ar\/notiucse\/wp-content\/uploads\/2019\/04\/84.jpg 1001w, https:\/\/www.ucse.edu.ar\/notiucse\/wp-content\/uploads\/2019\/04\/84-300x200.jpg 300w\" sizes=\"(max-width: 1001px) 100vw, 1001px\" \/><\/p>\n<p class=\"x_MsoNormal\" style=\"text-align: justify;\">En la tarde del mi\u00e9rcoles 17 se desarroll\u00f3 una charla informativa en nuestro campus, para brindar detalles sobre la carrera de posgrado de Especializaci\u00f3n en Tributaci\u00f3n, de la Facultad de Ciencias Econ\u00f3micas de la Universidad Nacional del Litoral (UNL).<\/p>\n<p class=\"x_MsoNormal\" style=\"text-align: justify;\">La especializaci\u00f3n se dictar\u00e1 desde mayo en Rafaela, en virtud de un convenio firmado entre ambas casas de altos estudios. La actividad cuenta con la adhesi\u00f3n de la sede UNL Rafaela-Sunchales y la colaboraci\u00f3n de la Asociaci\u00f3n de Graduados en Ciencias Econ\u00f3micas del Centro Oeste Santafesino (AGCECOS).<\/p>\n<p class=\"x_MsoNormal\" style=\"text-align: justify;\">El posgrado se dictar\u00e1 conforme al Plan de Estudio y reglamento aprobados por el Consejo Superior de la UNL, se encuentra acreditado por la CONEAU y tiene reconocimiento oficial de t\u00edtulo por Resoluci\u00f3n Ministerio de Educaci\u00f3n.<\/p>\n<p class=\"x_MsoNormal\" style=\"text-align: justify;\">Est\u00e1 previsto un cursado intensivo, durante dos a\u00f1os, un viernes por la tarde y un s\u00e1bado por la ma\u00f1ana, dos veces al mes. Las clases se dictar\u00e1n en su totalidad en Rafaela, en instalaciones de la UCSE DAR o eventualmente en lugares habilitados a tal fin como podr\u00eda ser la sede UNL Rafaela-Sunchales.<\/p>\n","protected":false},"excerpt":{"rendered":"<p>En la tarde del mi\u00e9rcoles 17 se desarroll\u00f3 una charla informativa en nuestro campus, para brindar detalles sobre la carrera de posgrado de Especializaci\u00f3n en Tributaci\u00f3n, de la Facultad de Ciencias Econ\u00f3micas de la Universidad Nacional del Litoral (UNL). La especializaci\u00f3n se dictar\u00e1 desde mayo en Rafaela, en virtud de un convenio firmado entre ambas [&hellip;]<\/p>\n","protected":false},"author":1,"featured_media":3667,"comment_status":"closed","ping_status":"closed","sticky":false,"template":"","format":"standard","meta":{"_exactmetrics_skip_tracking":false,"_exactmetrics_sitenote_active":false,"_exactmetrics_sitenote_note":"","_exactmetrics_sitenote_category":0,"footnotes":""},"categories":[20],"tags":[],"_links":{"self":[{"href":"https:\/\/www.ucse.edu.ar\/notiucse\/wp-json\/wp\/v2\/posts\/3666"}],"collection":[{"href":"https:\/\/www.ucse.edu.ar\/notiucse\/wp-json\/wp\/v2\/posts"}],"about":[{"href":"https:\/\/www.ucse.edu.ar\/notiucse\/wp-json\/wp\/v2\/types\/post"}],"author":[{"embeddable":true,"href":"https:\/\/www.ucse.edu.ar\/notiucse\/wp-json\/wp\/v2\/users\/1"}],"replies":[{"embeddable":true,"href":"https:\/\/www.ucse.edu.ar\/notiucse\/wp-json\/wp\/v2\/comments?post=3666"}],"version-history":[{"count":1,"href":"https:\/\/www.ucse.edu.ar\/notiucse\/wp-json\/wp\/v2\/posts\/3666\/revisions"}],"predecessor-version":[{"id":3668,"href":"https:\/\/www.ucse.edu.ar\/notiucse\/wp-json\/wp\/v2\/posts\/3666\/revisions\/3668"}],"wp:featuredmedia":[{"embeddable":true,"href":"https:\/\/www.ucse.edu.ar\/notiucse\/wp-json\/wp\/v2\/media\/3667"}],"wp:attachment":[{"href":"https:\/\/www.ucse.edu.ar\/notiucse\/wp-json\/wp\/v2\/media?parent=3666"}],"wp:term":[{"taxonomy":"category","embeddable":true,"href":"https:\/\/www.ucse.edu.ar\/notiucse\/wp-json\/wp\/v2\/categories?post=3666"},{"taxonomy":"post_tag","embeddable":true,"href":"https:\/\/www.ucse.edu.ar\/notiucse\/wp-json\/wp\/v2\/tags?post=3666"}],"curies":[{"name":"wp","href":"https:\/\/api.w.org\/{rel}","templated":true}]}}