{"id":3694,"date":"2019-05-06T19:18:28","date_gmt":"2019-05-06T22:18:28","guid":{"rendered":"http:\/\/www.ucse.edu.ar\/notiucse\/?p=3694"},"modified":"2019-05-06T19:18:28","modified_gmt":"2019-05-06T22:18:28","slug":"reunion-de-la-red-ctei","status":"publish","type":"post","link":"https:\/\/www.ucse.edu.ar\/notiucse\/2019\/05\/06\/reunion-de-la-red-ctei\/","title":{"rendered":"Reuni\u00f3n de la Red CTeI"},"content":{"rendered":"<p class=\"x_MsoNormal\" style=\"text-align: justify;\"><img fetchpriority=\"high\" decoding=\"async\" class=\"aligncenter size-full wp-image-3700\" src=\"http:\/\/www.ucse.edu.ar\/notiucse\/wp-content\/uploads\/2019\/05\/1.jpg\" alt=\"1\" width=\"1001\" height=\"667\" srcset=\"https:\/\/www.ucse.edu.ar\/notiucse\/wp-content\/uploads\/2019\/05\/1.jpg 1001w, https:\/\/www.ucse.edu.ar\/notiucse\/wp-content\/uploads\/2019\/05\/1-300x200.jpg 300w\" sizes=\"(max-width: 1001px) 100vw, 1001px\" \/><\/p>\n<p class=\"x_MsoNormal\" style=\"text-align: justify;\">El pasado viernes 26 de abril, desde las 8.30 en la sala de capacitaciones del ICEDEL (7\u00ba piso Municipalidad) se llev\u00f3 a cabo una reuni\u00f3n ampliada de las instituciones que participan en la\u00a0Red de de Ciencia, Tecnolog\u00eda e Innovaci\u00f3n de Rafaela.<\/p>\n<p class=\"x_MsoNormal\" style=\"text-align: justify;\">El objetivo de la misma fue debatir y pensar una estrategia de Comunicaci\u00f3n de la RED, con el fin de difundir la informaci\u00f3n que en ella se produce y\u00a0\u00a0que ya se relev\u00f3 con el Stock tecnol\u00f3gico y en Rafaela investiga.<\/p>\n<p class=\"x_MsoNormal\" style=\"text-align: justify;\">Por dicho motivo, se invit\u00f3 especialmente a participar de la reuni\u00f3n a los responsables de Comunicaci\u00f3n de cada una de las instituciones. Participaron adem\u00e1s, miembros de Rafaela Investiga.<\/p>\n<p class=\"x_MsoNormal\" style=\"text-align: justify;\">Por la UCSE DAR asisti\u00f3 la Lic. Yamila Gagliardo, ya que desde la secretar\u00eda de Extensi\u00f3n se coordina la comunicaci\u00f3n de la Sede.<\/p>\n<p>&nbsp;<\/p>\n","protected":false},"excerpt":{"rendered":"<p>El pasado viernes 26 de abril, desde las 8.30 en la sala de capacitaciones del ICEDEL (7\u00ba piso Municipalidad) se llev\u00f3 a cabo una reuni\u00f3n ampliada de las instituciones que participan en la\u00a0Red de de Ciencia, Tecnolog\u00eda e Innovaci\u00f3n de Rafaela. El objetivo de la misma fue debatir y pensar una estrategia de Comunicaci\u00f3n de [&hellip;]<\/p>\n","protected":false},"author":1,"featured_media":3700,"comment_status":"closed","ping_status":"closed","sticky":false,"template":"","format":"standard","meta":{"_exactmetrics_skip_tracking":false,"_exactmetrics_sitenote_active":false,"_exactmetrics_sitenote_note":"","_exactmetrics_sitenote_category":0,"footnotes":""},"categories":[20],"tags":[],"_links":{"self":[{"href":"https:\/\/www.ucse.edu.ar\/notiucse\/wp-json\/wp\/v2\/posts\/3694"}],"collection":[{"href":"https:\/\/www.ucse.edu.ar\/notiucse\/wp-json\/wp\/v2\/posts"}],"about":[{"href":"https:\/\/www.ucse.edu.ar\/notiucse\/wp-json\/wp\/v2\/types\/post"}],"author":[{"embeddable":true,"href":"https:\/\/www.ucse.edu.ar\/notiucse\/wp-json\/wp\/v2\/users\/1"}],"replies":[{"embeddable":true,"href":"https:\/\/www.ucse.edu.ar\/notiucse\/wp-json\/wp\/v2\/comments?post=3694"}],"version-history":[{"count":2,"href":"https:\/\/www.ucse.edu.ar\/notiucse\/wp-json\/wp\/v2\/posts\/3694\/revisions"}],"predecessor-version":[{"id":3705,"href":"https:\/\/www.ucse.edu.ar\/notiucse\/wp-json\/wp\/v2\/posts\/3694\/revisions\/3705"}],"wp:featuredmedia":[{"embeddable":true,"href":"https:\/\/www.ucse.edu.ar\/notiucse\/wp-json\/wp\/v2\/media\/3700"}],"wp:attachment":[{"href":"https:\/\/www.ucse.edu.ar\/notiucse\/wp-json\/wp\/v2\/media?parent=3694"}],"wp:term":[{"taxonomy":"category","embeddable":true,"href":"https:\/\/www.ucse.edu.ar\/notiucse\/wp-json\/wp\/v2\/categories?post=3694"},{"taxonomy":"post_tag","embeddable":true,"href":"https:\/\/www.ucse.edu.ar\/notiucse\/wp-json\/wp\/v2\/tags?post=3694"}],"curies":[{"name":"wp","href":"https:\/\/api.w.org\/{rel}","templated":true}]}}