{"id":3695,"date":"2019-05-06T19:18:35","date_gmt":"2019-05-06T22:18:35","guid":{"rendered":"http:\/\/www.ucse.edu.ar\/notiucse\/?p=3695"},"modified":"2019-05-06T19:18:35","modified_gmt":"2019-05-06T22:18:35","slug":"acto-de-apertura-del-ano-academico-cur-2019","status":"publish","type":"post","link":"https:\/\/www.ucse.edu.ar\/notiucse\/2019\/05\/06\/acto-de-apertura-del-ano-academico-cur-2019\/","title":{"rendered":"Acto de Apertura del A\u00f1o Acad\u00e9mico CUR 2019"},"content":{"rendered":"<p style=\"text-align: justify;\"><img fetchpriority=\"high\" decoding=\"async\" class=\"aligncenter size-full wp-image-3706\" src=\"http:\/\/www.ucse.edu.ar\/notiucse\/wp-content\/uploads\/2019\/05\/3.jpg\" alt=\"3\" width=\"1001\" height=\"667\" srcset=\"https:\/\/www.ucse.edu.ar\/notiucse\/wp-content\/uploads\/2019\/05\/3.jpg 1001w, https:\/\/www.ucse.edu.ar\/notiucse\/wp-content\/uploads\/2019\/05\/3-300x200.jpg 300w\" sizes=\"(max-width: 1001px) 100vw, 1001px\" \/><\/p>\n<p style=\"text-align: justify;\">Como cada a\u00f1o, el Consejo Universitario de Rafaela (CUR), dio inicio formalmente a un nuevo a\u00f1o acad\u00e9mico. El acto de apertura se realiz\u00f3 el pasado jueves 25 de abril, desde las 19:30 en el Cine Teatro Municipal Manuel Belgrano. Cont\u00f3 con la presencia de autoridades municipales, representantes y estudiantes de todas las casas de estudios.<\/p>\n<p style=\"text-align: justify;\">Presidieron el acto, el, Dr. Rub\u00e9n Asc\u00faa (Rector de UNRaf y presidente del CUR durante 2019), el Dr. Edgardo Allochis, (Director de UCSE Rafaela y vicepresidente del CUR), el Lic. Germ\u00e1n B\u00fcrcher (Secretario Acad\u00e9mico de UCES Rafaela y secretario del CUR), el Lic. Guillermo S\u00e1enz (Director del ISP N\u00b02), Ing. Miguel Angel Crispin (Vicedecano de UTN FRRa), el Lic. Ignacio L\u00f3pez (Director Ejecutivo en ITEC Rafaela), Arq. Daniel Heinzmann (representante de la UCSF Extensi\u00f3n \u00c1ulica Rafaela), la Lic. Mariana Andereggen (Secretaria de Educaci\u00f3n de la Municipalidad del Rafaela) y el Intendente de la ciudad, \u00a0Arq. Luis Castellano.<\/p>\n<p style=\"text-align: justify;\">Durante el acto, se entonaron las estrofas del Himno Nacional, y se dirigi\u00f3 a los presentes el Dr. Asc\u00faa, en su car\u00e1cter de Presidente del CUR y el Arq. Luis Castellano, quien en su funci\u00f3n de Intendente repas\u00f3 la importancia que tiene la educaci\u00f3n superior para la ciudad y regi\u00f3n, e hizo anuncios importantes para el alumnado, entre ellas la extensi\u00f3n del horario del servicio de colectivos urbanos.<\/p>\n<p style=\"text-align: justify;\">Un momento especial del acto, fue la firma del Acta de Compromiso para la constituci\u00f3n de la Liga Deportiva Universitaria. En dicho documento, las autoridades municipales y universitarias sellaron el compromiso de trabajar colaborativamente en este proyecto del CUR, que se propone desarrollar integralmente la calidad de las competencias deportivas universitarias tanto en los aspectos t\u00e9cnicos, f\u00edsicos, psicol\u00f3gicos de los estudiantes, buscando contribuir a realizar mejoras en materia de infraestructura para las pr\u00e1cticas deportivas de las instituciones integrantes del CUR. Dada la importancia de este proyecto, \u00a0el Concejo Municipal hizo entrega de la Declaraci\u00f3n de Inter\u00e9s Municipal referida a la Liga Deportiva Universitaria, efectuada en la sesi\u00f3n del mismo jueves 25. Hicieron entrega de la declaraci\u00f3n, los concejales Evangelina Garrappa, Leonardo Viotti y Jorge Muriel.<\/p>\n<p style=\"text-align: justify;\">El evento finaliz\u00f3 con la charla a cargo de la bi\u00f3loga molecular Guadalupe Nogu\u00e9s, autora del libro &#8220;Pensar con otros: Una gu\u00eda de supervivencia en tiempos de posverdad&#8221;.<\/p>\n","protected":false},"excerpt":{"rendered":"<p>Como cada a\u00f1o, el Consejo Universitario de Rafaela (CUR), dio inicio formalmente a un nuevo a\u00f1o acad\u00e9mico. El acto de apertura se realiz\u00f3 el pasado jueves 25 de abril, desde las 19:30 en el Cine Teatro Municipal Manuel Belgrano. Cont\u00f3 con la presencia de autoridades municipales, representantes y estudiantes de todas las casas de estudios. [&hellip;]<\/p>\n","protected":false},"author":1,"featured_media":3706,"comment_status":"closed","ping_status":"closed","sticky":false,"template":"","format":"standard","meta":{"_exactmetrics_skip_tracking":false,"_exactmetrics_sitenote_active":false,"_exactmetrics_sitenote_note":"","_exactmetrics_sitenote_category":0,"footnotes":""},"categories":[20],"tags":[],"_links":{"self":[{"href":"https:\/\/www.ucse.edu.ar\/notiucse\/wp-json\/wp\/v2\/posts\/3695"}],"collection":[{"href":"https:\/\/www.ucse.edu.ar\/notiucse\/wp-json\/wp\/v2\/posts"}],"about":[{"href":"https:\/\/www.ucse.edu.ar\/notiucse\/wp-json\/wp\/v2\/types\/post"}],"author":[{"embeddable":true,"href":"https:\/\/www.ucse.edu.ar\/notiucse\/wp-json\/wp\/v2\/users\/1"}],"replies":[{"embeddable":true,"href":"https:\/\/www.ucse.edu.ar\/notiucse\/wp-json\/wp\/v2\/comments?post=3695"}],"version-history":[{"count":1,"href":"https:\/\/www.ucse.edu.ar\/notiucse\/wp-json\/wp\/v2\/posts\/3695\/revisions"}],"predecessor-version":[{"id":3707,"href":"https:\/\/www.ucse.edu.ar\/notiucse\/wp-json\/wp\/v2\/posts\/3695\/revisions\/3707"}],"wp:featuredmedia":[{"embeddable":true,"href":"https:\/\/www.ucse.edu.ar\/notiucse\/wp-json\/wp\/v2\/media\/3706"}],"wp:attachment":[{"href":"https:\/\/www.ucse.edu.ar\/notiucse\/wp-json\/wp\/v2\/media?parent=3695"}],"wp:term":[{"taxonomy":"category","embeddable":true,"href":"https:\/\/www.ucse.edu.ar\/notiucse\/wp-json\/wp\/v2\/categories?post=3695"},{"taxonomy":"post_tag","embeddable":true,"href":"https:\/\/www.ucse.edu.ar\/notiucse\/wp-json\/wp\/v2\/tags?post=3695"}],"curies":[{"name":"wp","href":"https:\/\/api.w.org\/{rel}","templated":true}]}}