{"id":3702,"date":"2019-05-06T19:18:21","date_gmt":"2019-05-06T22:18:21","guid":{"rendered":"http:\/\/www.ucse.edu.ar\/notiucse\/?p=3702"},"modified":"2019-05-06T19:18:21","modified_gmt":"2019-05-06T22:18:21","slug":"presentacion-del-libro-litigacion-oral-desde-el-lenguaje-corporal","status":"publish","type":"post","link":"https:\/\/www.ucse.edu.ar\/notiucse\/2019\/05\/06\/presentacion-del-libro-litigacion-oral-desde-el-lenguaje-corporal\/","title":{"rendered":"Presentaci\u00f3n del libro \u201cLitigaci\u00f3n oral desde el lenguaje corporal\u201d"},"content":{"rendered":"<p style=\"text-align: justify;\"><img fetchpriority=\"high\" decoding=\"async\" class=\"aligncenter size-full wp-image-3703\" src=\"http:\/\/www.ucse.edu.ar\/notiucse\/wp-content\/uploads\/2019\/05\/2.jpg\" alt=\"2\" width=\"1001\" height=\"667\" srcset=\"https:\/\/www.ucse.edu.ar\/notiucse\/wp-content\/uploads\/2019\/05\/2.jpg 1001w, https:\/\/www.ucse.edu.ar\/notiucse\/wp-content\/uploads\/2019\/05\/2-300x200.jpg 300w\" sizes=\"(max-width: 1001px) 100vw, 1001px\" \/><\/p>\n<p style=\"text-align: justify;\">El mi\u00e9rcoles 24 de abril, en el auditorio de la UCSE DAR, el Abog. Pablo A. Micheletti, profesor de Pr\u00e1ctica I, de la carrera de Abogac\u00eda,\u00a0present\u00f3 el libro de su autor\u00eda. El mismo fue denominado\u00a0\u201cLitigaci\u00f3n oral desde el lenguaje corporal\u201d, y estuvo\u00a0acompa\u00f1ado por el titular de C\u00e1tedra Prof. Gabriel Sola. Este \u00faltimo, prolog\u00f3 el libro y en sus palabras de\u00a0introducci\u00f3n,\u00a0destac\u00f3 que el libro ofrece una visi\u00f3n integral del lenguaje no verbal en el proceso de comunicaci\u00f3n y sus\u00a0\u00a0reglas b\u00e1sicas para actuar en el derecho.<\/p>\n<p style=\"text-align: justify;\">Participaron de la presentaci\u00f3n, alumnos de la carrera, docentes\u00a0y funcionarios de la UCSE DAR.<\/p>\n","protected":false},"excerpt":{"rendered":"<p>El mi\u00e9rcoles 24 de abril, en el auditorio de la UCSE DAR, el Abog. Pablo A. Micheletti, profesor de Pr\u00e1ctica I, de la carrera de Abogac\u00eda,\u00a0present\u00f3 el libro de su autor\u00eda. El mismo fue denominado\u00a0\u201cLitigaci\u00f3n oral desde el lenguaje corporal\u201d, y estuvo\u00a0acompa\u00f1ado por el titular de C\u00e1tedra Prof. Gabriel Sola. Este \u00faltimo, prolog\u00f3 el libro [&hellip;]<\/p>\n","protected":false},"author":1,"featured_media":3703,"comment_status":"closed","ping_status":"closed","sticky":false,"template":"","format":"standard","meta":{"_exactmetrics_skip_tracking":false,"_exactmetrics_sitenote_active":false,"_exactmetrics_sitenote_note":"","_exactmetrics_sitenote_category":0,"footnotes":""},"categories":[20],"tags":[],"_links":{"self":[{"href":"https:\/\/www.ucse.edu.ar\/notiucse\/wp-json\/wp\/v2\/posts\/3702"}],"collection":[{"href":"https:\/\/www.ucse.edu.ar\/notiucse\/wp-json\/wp\/v2\/posts"}],"about":[{"href":"https:\/\/www.ucse.edu.ar\/notiucse\/wp-json\/wp\/v2\/types\/post"}],"author":[{"embeddable":true,"href":"https:\/\/www.ucse.edu.ar\/notiucse\/wp-json\/wp\/v2\/users\/1"}],"replies":[{"embeddable":true,"href":"https:\/\/www.ucse.edu.ar\/notiucse\/wp-json\/wp\/v2\/comments?post=3702"}],"version-history":[{"count":1,"href":"https:\/\/www.ucse.edu.ar\/notiucse\/wp-json\/wp\/v2\/posts\/3702\/revisions"}],"predecessor-version":[{"id":3704,"href":"https:\/\/www.ucse.edu.ar\/notiucse\/wp-json\/wp\/v2\/posts\/3702\/revisions\/3704"}],"wp:featuredmedia":[{"embeddable":true,"href":"https:\/\/www.ucse.edu.ar\/notiucse\/wp-json\/wp\/v2\/media\/3703"}],"wp:attachment":[{"href":"https:\/\/www.ucse.edu.ar\/notiucse\/wp-json\/wp\/v2\/media?parent=3702"}],"wp:term":[{"taxonomy":"category","embeddable":true,"href":"https:\/\/www.ucse.edu.ar\/notiucse\/wp-json\/wp\/v2\/categories?post=3702"},{"taxonomy":"post_tag","embeddable":true,"href":"https:\/\/www.ucse.edu.ar\/notiucse\/wp-json\/wp\/v2\/tags?post=3702"}],"curies":[{"name":"wp","href":"https:\/\/api.w.org\/{rel}","templated":true}]}}