{"id":3756,"date":"2019-05-13T19:30:08","date_gmt":"2019-05-13T22:30:08","guid":{"rendered":"http:\/\/www.ucse.edu.ar\/notiucse\/?p=3756"},"modified":"2019-05-13T19:30:08","modified_gmt":"2019-05-13T22:30:08","slug":"presentacion-de-la-cooperativa-agricola-guillermo-lehmann","status":"publish","type":"post","link":"https:\/\/www.ucse.edu.ar\/notiucse\/2019\/05\/13\/presentacion-de-la-cooperativa-agricola-guillermo-lehmann\/","title":{"rendered":"Presentaci\u00f3n de la Cooperativa Agr\u00edcola Guillermo Lehmann"},"content":{"rendered":"<p style=\"text-align: justify;\"><img fetchpriority=\"high\" decoding=\"async\" class=\"aligncenter size-full wp-image-3762\" src=\"http:\/\/www.ucse.edu.ar\/notiucse\/wp-content\/uploads\/2019\/05\/51.jpg\" alt=\"5\" width=\"1001\" height=\"667\" srcset=\"https:\/\/www.ucse.edu.ar\/notiucse\/wp-content\/uploads\/2019\/05\/51.jpg 1001w, https:\/\/www.ucse.edu.ar\/notiucse\/wp-content\/uploads\/2019\/05\/51-300x200.jpg 300w\" sizes=\"(max-width: 1001px) 100vw, 1001px\" \/><\/p>\n<p style=\"text-align: justify;\">El jueves 25 de abril visitaron la universidad, referentes del \u00e1rea de Comunicaci\u00f3n y Marketing de la Cooperativa Guillermo Lehmann de la localidad de Pilar, provincia de Santa Fe. El objetivo de la visita fue comentarle a nuestros alumnos avanzados y graduados de las carreras de Comunicaci\u00f3n Social y Dise\u00f1o de la Comunicaci\u00f3n Visual sobre la b\u00fasqueda laboral que est\u00e1n emprendiendo.<\/p>\n<p style=\"text-align: justify;\">Los referentes del \u00e1rea de Comunicaci\u00f3n y Marketing de la Cooperativa, dos licenciados en Comunicaci\u00f3n Social y un Licenciado en Dise\u00f1o de la Comunicaci\u00f3n Visual, expusieron sobre los diferentes servicios que brindan, la estructura de la cooperativa, \u00e1reas que la componen, forma de trabajo, capacitaciones y clima laboral para quienes deseen postularse. Tambi\u00e9n contaron sobre las posibilidades de crecimiento, aprendizaje y capacitaci\u00f3n que brinda la cooperativa y c\u00f3mo trabaja \u201cpor proyectos\u201d promoviendo y potenciando las capacidades individuales puestas al servicio del equipo de trabajo.<\/p>\n","protected":false},"excerpt":{"rendered":"<p>El jueves 25 de abril visitaron la universidad, referentes del \u00e1rea de Comunicaci\u00f3n y Marketing de la Cooperativa Guillermo Lehmann de la localidad de Pilar, provincia de Santa Fe. El objetivo de la visita fue comentarle a nuestros alumnos avanzados y graduados de las carreras de Comunicaci\u00f3n Social y Dise\u00f1o de la Comunicaci\u00f3n Visual sobre [&hellip;]<\/p>\n","protected":false},"author":1,"featured_media":3762,"comment_status":"closed","ping_status":"closed","sticky":false,"template":"","format":"standard","meta":{"_exactmetrics_skip_tracking":false,"_exactmetrics_sitenote_active":false,"_exactmetrics_sitenote_note":"","_exactmetrics_sitenote_category":0,"footnotes":""},"categories":[20],"tags":[],"_links":{"self":[{"href":"https:\/\/www.ucse.edu.ar\/notiucse\/wp-json\/wp\/v2\/posts\/3756"}],"collection":[{"href":"https:\/\/www.ucse.edu.ar\/notiucse\/wp-json\/wp\/v2\/posts"}],"about":[{"href":"https:\/\/www.ucse.edu.ar\/notiucse\/wp-json\/wp\/v2\/types\/post"}],"author":[{"embeddable":true,"href":"https:\/\/www.ucse.edu.ar\/notiucse\/wp-json\/wp\/v2\/users\/1"}],"replies":[{"embeddable":true,"href":"https:\/\/www.ucse.edu.ar\/notiucse\/wp-json\/wp\/v2\/comments?post=3756"}],"version-history":[{"count":2,"href":"https:\/\/www.ucse.edu.ar\/notiucse\/wp-json\/wp\/v2\/posts\/3756\/revisions"}],"predecessor-version":[{"id":3763,"href":"https:\/\/www.ucse.edu.ar\/notiucse\/wp-json\/wp\/v2\/posts\/3756\/revisions\/3763"}],"wp:featuredmedia":[{"embeddable":true,"href":"https:\/\/www.ucse.edu.ar\/notiucse\/wp-json\/wp\/v2\/media\/3762"}],"wp:attachment":[{"href":"https:\/\/www.ucse.edu.ar\/notiucse\/wp-json\/wp\/v2\/media?parent=3756"}],"wp:term":[{"taxonomy":"category","embeddable":true,"href":"https:\/\/www.ucse.edu.ar\/notiucse\/wp-json\/wp\/v2\/categories?post=3756"},{"taxonomy":"post_tag","embeddable":true,"href":"https:\/\/www.ucse.edu.ar\/notiucse\/wp-json\/wp\/v2\/tags?post=3756"}],"curies":[{"name":"wp","href":"https:\/\/api.w.org\/{rel}","templated":true}]}}