{"id":3757,"date":"2019-05-13T19:28:45","date_gmt":"2019-05-13T22:28:45","guid":{"rendered":"http:\/\/www.ucse.edu.ar\/notiucse\/?p=3757"},"modified":"2019-05-13T19:28:45","modified_gmt":"2019-05-13T22:28:45","slug":"el-consejo-universitario-de-rafaela-cur-llevo-a-cabo-su-tercera-reunion-anual","status":"publish","type":"post","link":"https:\/\/www.ucse.edu.ar\/notiucse\/2019\/05\/13\/el-consejo-universitario-de-rafaela-cur-llevo-a-cabo-su-tercera-reunion-anual\/","title":{"rendered":"El Consejo Universitario de Rafaela (CUR) llev\u00f3 a cabo su tercera reuni\u00f3n anual."},"content":{"rendered":"<p style=\"text-align: justify;\"><img fetchpriority=\"high\" decoding=\"async\" class=\"aligncenter size-full wp-image-3764\" src=\"http:\/\/www.ucse.edu.ar\/notiucse\/wp-content\/uploads\/2019\/05\/61.jpg\" alt=\"6\" width=\"1001\" height=\"667\" srcset=\"https:\/\/www.ucse.edu.ar\/notiucse\/wp-content\/uploads\/2019\/05\/61.jpg 1001w, https:\/\/www.ucse.edu.ar\/notiucse\/wp-content\/uploads\/2019\/05\/61-300x200.jpg 300w\" sizes=\"(max-width: 1001px) 100vw, 1001px\" \/><\/p>\n<p style=\"text-align: justify;\">El encuentro se llev\u00f3 a cabo el jueves 2 de mayo en la sede de la Universidad Nacional de Rafaela (UNRaf). Cont\u00f3 con la presencia de la Secretaria de Educaci\u00f3n de la Municipalidad de Rafaela, Mariana Andereggen, y las autoridades de todas las altas casas de estudio de la ciudad: Oscar David, Decano de la Facultad Regional Rafaela de la Universidad Tecnol\u00f3gica Nacional (UTN); Ignacio L\u00f3pez, Director del Instituto Tecnol\u00f3gico Rafaela (ITEC); Guillermo S\u00e1enz, Director del Instituto Superior del Profesorado N\u00ba 2 &#8220;Dr. Joaqu\u00edn V. Gonz\u00e1lez&#8221;; Germ\u00e1n B\u00fcrcher, Secretario Acad\u00e9mico de la Sede Rafaela de la Universidad de Ciencias Empresariales y Sociales (UCES); Edgardo Allochis, Director del Departamento Acad\u00e9mico Rafaela de la Universidad Cat\u00f3lica de Santiago del Estero (UCSE); Daniel Henzenn, Delegado del Decano de la Facultad de Arquitectura de la Universidad Cat\u00f3lica de Santa Fe (UCSF) y en representaci\u00f3n de UNRaf el Dr. Jorge Rodr\u00edguez, Secretario Acad\u00e9mico.<\/p>\n<p style=\"text-align: justify;\">Tambi\u00e9n participaron la representante de la Red de Ciencia, Tecnolog\u00eda e Innovaci\u00f3n, Natalia An\u00edboli, y distintos colaboradores de cada instituci\u00f3n miembro del CUR.<\/p>\n<p style=\"text-align: justify;\">En el encuentro se abordaron diferentes temas de inter\u00e9s institucional tales como el Relevamiento de Estudiantes titulado \u201cPrimera Encuesta Universitaria\u201d, el diagrama de la Expo Carreras 2019, el Programa de Articulaci\u00f3n entre Universidades y Escuelas Secundarias \u201cNexos\u201d.<\/p>\n","protected":false},"excerpt":{"rendered":"<p>El encuentro se llev\u00f3 a cabo el jueves 2 de mayo en la sede de la Universidad Nacional de Rafaela (UNRaf). Cont\u00f3 con la presencia de la Secretaria de Educaci\u00f3n de la Municipalidad de Rafaela, Mariana Andereggen, y las autoridades de todas las altas casas de estudio de la ciudad: Oscar David, Decano de la [&hellip;]<\/p>\n","protected":false},"author":1,"featured_media":3764,"comment_status":"closed","ping_status":"closed","sticky":false,"template":"","format":"standard","meta":{"_exactmetrics_skip_tracking":false,"_exactmetrics_sitenote_active":false,"_exactmetrics_sitenote_note":"","_exactmetrics_sitenote_category":0,"footnotes":""},"categories":[20],"tags":[],"_links":{"self":[{"href":"https:\/\/www.ucse.edu.ar\/notiucse\/wp-json\/wp\/v2\/posts\/3757"}],"collection":[{"href":"https:\/\/www.ucse.edu.ar\/notiucse\/wp-json\/wp\/v2\/posts"}],"about":[{"href":"https:\/\/www.ucse.edu.ar\/notiucse\/wp-json\/wp\/v2\/types\/post"}],"author":[{"embeddable":true,"href":"https:\/\/www.ucse.edu.ar\/notiucse\/wp-json\/wp\/v2\/users\/1"}],"replies":[{"embeddable":true,"href":"https:\/\/www.ucse.edu.ar\/notiucse\/wp-json\/wp\/v2\/comments?post=3757"}],"version-history":[{"count":2,"href":"https:\/\/www.ucse.edu.ar\/notiucse\/wp-json\/wp\/v2\/posts\/3757\/revisions"}],"predecessor-version":[{"id":3765,"href":"https:\/\/www.ucse.edu.ar\/notiucse\/wp-json\/wp\/v2\/posts\/3757\/revisions\/3765"}],"wp:featuredmedia":[{"embeddable":true,"href":"https:\/\/www.ucse.edu.ar\/notiucse\/wp-json\/wp\/v2\/media\/3764"}],"wp:attachment":[{"href":"https:\/\/www.ucse.edu.ar\/notiucse\/wp-json\/wp\/v2\/media?parent=3757"}],"wp:term":[{"taxonomy":"category","embeddable":true,"href":"https:\/\/www.ucse.edu.ar\/notiucse\/wp-json\/wp\/v2\/categories?post=3757"},{"taxonomy":"post_tag","embeddable":true,"href":"https:\/\/www.ucse.edu.ar\/notiucse\/wp-json\/wp\/v2\/tags?post=3757"}],"curies":[{"name":"wp","href":"https:\/\/api.w.org\/{rel}","templated":true}]}}