{"id":3758,"date":"2019-05-13T19:30:18","date_gmt":"2019-05-13T22:30:18","guid":{"rendered":"http:\/\/www.ucse.edu.ar\/notiucse\/?p=3758"},"modified":"2019-05-13T19:30:18","modified_gmt":"2019-05-13T22:30:18","slug":"nueva-edicion-de-la-expocarreras-rafaela-2019","status":"publish","type":"post","link":"https:\/\/www.ucse.edu.ar\/notiucse\/2019\/05\/13\/nueva-edicion-de-la-expocarreras-rafaela-2019\/","title":{"rendered":"Nueva edici\u00f3n de la Expocarreras Rafaela 2019"},"content":{"rendered":"<p style=\"text-align: justify;\"><img fetchpriority=\"high\" decoding=\"async\" class=\"aligncenter size-full wp-image-3766\" src=\"http:\/\/www.ucse.edu.ar\/notiucse\/wp-content\/uploads\/2019\/05\/71.jpg\" alt=\"7\" width=\"1001\" height=\"667\" srcset=\"https:\/\/www.ucse.edu.ar\/notiucse\/wp-content\/uploads\/2019\/05\/71.jpg 1001w, https:\/\/www.ucse.edu.ar\/notiucse\/wp-content\/uploads\/2019\/05\/71-300x200.jpg 300w\" sizes=\"(max-width: 1001px) 100vw, 1001px\" \/><\/p>\n<p style=\"text-align: justify;\">El jueves 9 de mayo, desde las 8 y hasta las 21 horas, se desarroll\u00f3 una nueva edici\u00f3n de la Expocarreras Rafaela. Este evento es organizado anualmente, por el Consejo Universitario de Rafaela (CUR) y tuvo lugar en el Complejo Cultural del Viejo Mercado (CCVM).<\/p>\n<p style=\"text-align: justify;\">Durante la muestra, las casas de estudios superiores miembros del CUR mostraron toda su oferta acad\u00e9mica, y desde la Municipalidad de Rafaela, a trav\u00e9s de la Secretar\u00eda de Educaci\u00f3n se brind\u00f3 informaci\u00f3n a los asistentes sobre todos los aspectos referidos a Rafaela como ciudad universitaria.<\/p>\n<p style=\"text-align: justify;\">Este a\u00f1o, el evento cont\u00f3 con un ciclo de charlas, las cuales se desarrollaron en la Biblioteca P\u00fablica Municipal &#8220;Lermo Rafael Balbi&#8221;. Fueron parte de la programaci\u00f3n: \u201cMitos y verdades de la vida universitaria. Charla interactiva con celulares\u201d, \u201cCiencias aplicadas para un desarrollo sustentable. \u00bfTe anim\u00e1s al desaf\u00edo?\u201d, y \u201cOrientaci\u00f3n Vocacional: 10 consejos para elegir qu\u00e9 estudiar\u201d.<\/p>\n<p style=\"text-align: justify;\">Visitaron la muestra, alumnos de los \u00faltimos a\u00f1os de las escuelas secundarias de Rafaela y la regi\u00f3n, y p\u00fablico general.<\/p>\n","protected":false},"excerpt":{"rendered":"<p>El jueves 9 de mayo, desde las 8 y hasta las 21 horas, se desarroll\u00f3 una nueva edici\u00f3n de la Expocarreras Rafaela. Este evento es organizado anualmente, por el Consejo Universitario de Rafaela (CUR) y tuvo lugar en el Complejo Cultural del Viejo Mercado (CCVM). Durante la muestra, las casas de estudios superiores miembros del [&hellip;]<\/p>\n","protected":false},"author":1,"featured_media":3766,"comment_status":"closed","ping_status":"closed","sticky":false,"template":"","format":"standard","meta":{"_exactmetrics_skip_tracking":false,"_exactmetrics_sitenote_active":false,"_exactmetrics_sitenote_note":"","_exactmetrics_sitenote_category":0,"footnotes":""},"categories":[20],"tags":[],"_links":{"self":[{"href":"https:\/\/www.ucse.edu.ar\/notiucse\/wp-json\/wp\/v2\/posts\/3758"}],"collection":[{"href":"https:\/\/www.ucse.edu.ar\/notiucse\/wp-json\/wp\/v2\/posts"}],"about":[{"href":"https:\/\/www.ucse.edu.ar\/notiucse\/wp-json\/wp\/v2\/types\/post"}],"author":[{"embeddable":true,"href":"https:\/\/www.ucse.edu.ar\/notiucse\/wp-json\/wp\/v2\/users\/1"}],"replies":[{"embeddable":true,"href":"https:\/\/www.ucse.edu.ar\/notiucse\/wp-json\/wp\/v2\/comments?post=3758"}],"version-history":[{"count":2,"href":"https:\/\/www.ucse.edu.ar\/notiucse\/wp-json\/wp\/v2\/posts\/3758\/revisions"}],"predecessor-version":[{"id":3767,"href":"https:\/\/www.ucse.edu.ar\/notiucse\/wp-json\/wp\/v2\/posts\/3758\/revisions\/3767"}],"wp:featuredmedia":[{"embeddable":true,"href":"https:\/\/www.ucse.edu.ar\/notiucse\/wp-json\/wp\/v2\/media\/3766"}],"wp:attachment":[{"href":"https:\/\/www.ucse.edu.ar\/notiucse\/wp-json\/wp\/v2\/media?parent=3758"}],"wp:term":[{"taxonomy":"category","embeddable":true,"href":"https:\/\/www.ucse.edu.ar\/notiucse\/wp-json\/wp\/v2\/categories?post=3758"},{"taxonomy":"post_tag","embeddable":true,"href":"https:\/\/www.ucse.edu.ar\/notiucse\/wp-json\/wp\/v2\/tags?post=3758"}],"curies":[{"name":"wp","href":"https:\/\/api.w.org\/{rel}","templated":true}]}}