{"id":3805,"date":"2019-05-20T19:01:42","date_gmt":"2019-05-20T22:01:42","guid":{"rendered":"http:\/\/www.ucse.edu.ar\/notiucse\/?p=3805"},"modified":"2019-05-20T19:01:42","modified_gmt":"2019-05-20T22:01:42","slug":"expo-carreras-san-guillermo","status":"publish","type":"post","link":"https:\/\/www.ucse.edu.ar\/notiucse\/2019\/05\/20\/expo-carreras-san-guillermo\/","title":{"rendered":"Expo Carreras San Guillermo"},"content":{"rendered":"<p class=\"x_MsoNormal\" style=\"text-align: justify;\"><img fetchpriority=\"high\" decoding=\"async\" class=\"aligncenter size-full wp-image-3806\" src=\"http:\/\/www.ucse.edu.ar\/notiucse\/wp-content\/uploads\/2019\/05\/72.jpg\" alt=\"7\" width=\"1001\" height=\"667\" srcset=\"https:\/\/www.ucse.edu.ar\/notiucse\/wp-content\/uploads\/2019\/05\/72.jpg 1001w, https:\/\/www.ucse.edu.ar\/notiucse\/wp-content\/uploads\/2019\/05\/72-300x200.jpg 300w\" sizes=\"(max-width: 1001px) 100vw, 1001px\" \/><\/p>\n<p class=\"x_MsoNormal\" style=\"text-align: justify;\">El jueves 16 de mayo, bajo el lema \u201cConvierte tu pasi\u00f3n en tu proyecto de vida\u201d, se llev\u00f3 a cabo en la ciudad de San Guillermo la 1\u00ba Expo Carreras San Guillermo 2019, organizada por la Biblioteca Popular Gast\u00f3n Gori del Club Uni\u00f3n. La misma se desarroll\u00f3 de 8.30 a 20, en el sal\u00f3n de eventos del Club U.C.yD. y cont\u00f3 con la participaci\u00f3n de j\u00f3venes estudiantes de escuelas secundarias de San Guillermo y lzona, as\u00ed como tambi\u00e9n de p\u00fablico en general.<\/p>\n<p class=\"x_MsoNormal\" style=\"text-align: justify;\">La propuesta involucr\u00f3 22 instituciones educativas, cada una de ellas cont\u00f3 con un stand para dar a conocer su oferta acad\u00e9mica y en simult\u00e1neo se propusieron charlas relacionadas a la orientaci\u00f3n vocacional y la vida universitaria.<\/p>\n<p class=\"x_MsoNormal\" style=\"text-align: justify;\">La participaci\u00f3n del DAR se dio en el marco del Consejo Universitario de Rafaela (CUR), el cual fue especialmente invitado a participar.<\/p>\n<p style=\"text-align: justify;\">\n","protected":false},"excerpt":{"rendered":"<p>El jueves 16 de mayo, bajo el lema \u201cConvierte tu pasi\u00f3n en tu proyecto de vida\u201d, se llev\u00f3 a cabo en la ciudad de San Guillermo la 1\u00ba Expo Carreras San Guillermo 2019, organizada por la Biblioteca Popular Gast\u00f3n Gori del Club Uni\u00f3n. La misma se desarroll\u00f3 de 8.30 a 20, en el sal\u00f3n de [&hellip;]<\/p>\n","protected":false},"author":1,"featured_media":3806,"comment_status":"closed","ping_status":"closed","sticky":false,"template":"","format":"standard","meta":{"_exactmetrics_skip_tracking":false,"_exactmetrics_sitenote_active":false,"_exactmetrics_sitenote_note":"","_exactmetrics_sitenote_category":0,"footnotes":""},"categories":[20],"tags":[],"_links":{"self":[{"href":"https:\/\/www.ucse.edu.ar\/notiucse\/wp-json\/wp\/v2\/posts\/3805"}],"collection":[{"href":"https:\/\/www.ucse.edu.ar\/notiucse\/wp-json\/wp\/v2\/posts"}],"about":[{"href":"https:\/\/www.ucse.edu.ar\/notiucse\/wp-json\/wp\/v2\/types\/post"}],"author":[{"embeddable":true,"href":"https:\/\/www.ucse.edu.ar\/notiucse\/wp-json\/wp\/v2\/users\/1"}],"replies":[{"embeddable":true,"href":"https:\/\/www.ucse.edu.ar\/notiucse\/wp-json\/wp\/v2\/comments?post=3805"}],"version-history":[{"count":1,"href":"https:\/\/www.ucse.edu.ar\/notiucse\/wp-json\/wp\/v2\/posts\/3805\/revisions"}],"predecessor-version":[{"id":3807,"href":"https:\/\/www.ucse.edu.ar\/notiucse\/wp-json\/wp\/v2\/posts\/3805\/revisions\/3807"}],"wp:featuredmedia":[{"embeddable":true,"href":"https:\/\/www.ucse.edu.ar\/notiucse\/wp-json\/wp\/v2\/media\/3806"}],"wp:attachment":[{"href":"https:\/\/www.ucse.edu.ar\/notiucse\/wp-json\/wp\/v2\/media?parent=3805"}],"wp:term":[{"taxonomy":"category","embeddable":true,"href":"https:\/\/www.ucse.edu.ar\/notiucse\/wp-json\/wp\/v2\/categories?post=3805"},{"taxonomy":"post_tag","embeddable":true,"href":"https:\/\/www.ucse.edu.ar\/notiucse\/wp-json\/wp\/v2\/tags?post=3805"}],"curies":[{"name":"wp","href":"https:\/\/api.w.org\/{rel}","templated":true}]}}