{"id":3808,"date":"2019-05-20T19:03:03","date_gmt":"2019-05-20T22:03:03","guid":{"rendered":"http:\/\/www.ucse.edu.ar\/notiucse\/?p=3808"},"modified":"2019-05-20T19:03:03","modified_gmt":"2019-05-20T22:03:03","slug":"proceso-de-orientacion-vocacional","status":"publish","type":"post","link":"https:\/\/www.ucse.edu.ar\/notiucse\/2019\/05\/20\/proceso-de-orientacion-vocacional\/","title":{"rendered":"Proceso de Orientaci\u00f3n Vocacional"},"content":{"rendered":"<p class=\"x_MsoNormal\" style=\"text-align: justify;\"><a href=\"http:\/\/www.ucse.edu.ar\/notiucse\/wp-content\/uploads\/2019\/05\/81.jpg\"><img fetchpriority=\"high\" decoding=\"async\" class=\"aligncenter size-full wp-image-3809\" src=\"http:\/\/www.ucse.edu.ar\/notiucse\/wp-content\/uploads\/2019\/05\/81.jpg\" alt=\"8\" width=\"1001\" height=\"667\" srcset=\"https:\/\/www.ucse.edu.ar\/notiucse\/wp-content\/uploads\/2019\/05\/81.jpg 1001w, https:\/\/www.ucse.edu.ar\/notiucse\/wp-content\/uploads\/2019\/05\/81-300x200.jpg 300w\" sizes=\"(max-width: 1001px) 100vw, 1001px\" \/><\/a><\/p>\n<p class=\"x_MsoNormal\" style=\"text-align: justify;\">El jueves 16 de mayo inici\u00f3 el proceso de orientaci\u00f3n vocacional, servicio gratuito que ofrece la UCSE DAR para los alumnos de los \u00faltimos a\u00f1os de cursado de las escuelas secundarias de la ciudad y regi\u00f3n.<\/p>\n<p class=\"x_MsoNormal\" style=\"text-align: justify;\">La actividad es llevada adelante por alumnos avanzados de la Lic. en Psicolog\u00eda de UCSE DAR en el marco de sus pr\u00e1cticas pre-profesionales en Psicolog\u00eda Educacional, quienes se encuentran bajo la supervisi\u00f3n de sus docentes de c\u00e1tedra.<\/p>\n<p class=\"x_MsoNormal\" style=\"text-align: justify;\">Este proceso pretende brindar herramientas para la elecci\u00f3n de carreras y\/o ocupaciones a partir del reconocimiento de los factores que intervienen en la toma de decisi\u00f3n y poner al alcance de los interesados informaci\u00f3n vocacional-ocupacional.<\/p>\n<p class=\"x_MsoNormal\" style=\"text-align: justify;\">Con jornadas de dos horas de duraci\u00f3n, el proceso contin\u00faa los pr\u00f3ximos jueves 23 y 30 de mayo y 6 de junio.<\/p>\n<p style=\"text-align: justify;\">\n","protected":false},"excerpt":{"rendered":"<p>El jueves 16 de mayo inici\u00f3 el proceso de orientaci\u00f3n vocacional, servicio gratuito que ofrece la UCSE DAR para los alumnos de los \u00faltimos a\u00f1os de cursado de las escuelas secundarias de la ciudad y regi\u00f3n. La actividad es llevada adelante por alumnos avanzados de la Lic. en Psicolog\u00eda de UCSE DAR en el marco [&hellip;]<\/p>\n","protected":false},"author":1,"featured_media":3809,"comment_status":"closed","ping_status":"closed","sticky":false,"template":"","format":"standard","meta":{"_exactmetrics_skip_tracking":false,"_exactmetrics_sitenote_active":false,"_exactmetrics_sitenote_note":"","_exactmetrics_sitenote_category":0,"footnotes":""},"categories":[20],"tags":[],"_links":{"self":[{"href":"https:\/\/www.ucse.edu.ar\/notiucse\/wp-json\/wp\/v2\/posts\/3808"}],"collection":[{"href":"https:\/\/www.ucse.edu.ar\/notiucse\/wp-json\/wp\/v2\/posts"}],"about":[{"href":"https:\/\/www.ucse.edu.ar\/notiucse\/wp-json\/wp\/v2\/types\/post"}],"author":[{"embeddable":true,"href":"https:\/\/www.ucse.edu.ar\/notiucse\/wp-json\/wp\/v2\/users\/1"}],"replies":[{"embeddable":true,"href":"https:\/\/www.ucse.edu.ar\/notiucse\/wp-json\/wp\/v2\/comments?post=3808"}],"version-history":[{"count":1,"href":"https:\/\/www.ucse.edu.ar\/notiucse\/wp-json\/wp\/v2\/posts\/3808\/revisions"}],"predecessor-version":[{"id":3810,"href":"https:\/\/www.ucse.edu.ar\/notiucse\/wp-json\/wp\/v2\/posts\/3808\/revisions\/3810"}],"wp:featuredmedia":[{"embeddable":true,"href":"https:\/\/www.ucse.edu.ar\/notiucse\/wp-json\/wp\/v2\/media\/3809"}],"wp:attachment":[{"href":"https:\/\/www.ucse.edu.ar\/notiucse\/wp-json\/wp\/v2\/media?parent=3808"}],"wp:term":[{"taxonomy":"category","embeddable":true,"href":"https:\/\/www.ucse.edu.ar\/notiucse\/wp-json\/wp\/v2\/categories?post=3808"},{"taxonomy":"post_tag","embeddable":true,"href":"https:\/\/www.ucse.edu.ar\/notiucse\/wp-json\/wp\/v2\/tags?post=3808"}],"curies":[{"name":"wp","href":"https:\/\/api.w.org\/{rel}","templated":true}]}}