{"id":3843,"date":"2019-05-27T19:18:17","date_gmt":"2019-05-27T22:18:17","guid":{"rendered":"http:\/\/www.ucse.edu.ar\/notiucse\/?p=3843"},"modified":"2019-05-27T19:18:17","modified_gmt":"2019-05-27T22:18:17","slug":"nueva-reunion-del-consejo-consultivo-social","status":"publish","type":"post","link":"https:\/\/www.ucse.edu.ar\/notiucse\/2019\/05\/27\/nueva-reunion-del-consejo-consultivo-social\/","title":{"rendered":"Nueva Reuni\u00f3n del Consejo Consultivo Social"},"content":{"rendered":"<p class=\"x_MsoNormal\" style=\"text-align: justify;\"><img fetchpriority=\"high\" decoding=\"async\" class=\"aligncenter size-full wp-image-3844\" src=\"http:\/\/www.ucse.edu.ar\/notiucse\/wp-content\/uploads\/2019\/05\/82.jpg\" alt=\"8\" width=\"1001\" height=\"667\" srcset=\"https:\/\/www.ucse.edu.ar\/notiucse\/wp-content\/uploads\/2019\/05\/82.jpg 1001w, https:\/\/www.ucse.edu.ar\/notiucse\/wp-content\/uploads\/2019\/05\/82-300x200.jpg 300w\" sizes=\"(max-width: 1001px) 100vw, 1001px\" \/><\/p>\n<p class=\"x_MsoNormal\" style=\"text-align: justify;\">El pasado jueves se llev\u00f3 a cabo una nueva reuni\u00f3n del Consejo Consultivo Social (CCS), espacio institucional creado en el 2002 para implementar la descentralizaci\u00f3n operativa y el control de los programas nacionales de planes sociales, orientados a descomprimir la situaci\u00f3n de crisis econ\u00f3mica y social que atravesaba el pa\u00eds. Superada la coyuntura cr\u00edtica que le diera origen, el Consejo es hoy un \u00e1mbito que hace eco de la vida social de la ciudad, un lugar de di\u00e1logo, consenso y consulta.<\/p>\n<p class=\"x_MsoNormal\" style=\"text-align: justify;\">Funciona como intermediario entre el Estado local y la comunidad y aspira a reforzar la participaci\u00f3n y la implicaci\u00f3n ciudadana en los temas p\u00fablicos.<\/p>\n<p class=\"x_MsoNormal\" style=\"text-align: justify;\">En la reuni\u00f3n mensual de mayo, estuvo presente el Instituto para el Desarrollo Sustentable de Rafaela (IDS) compartiendo con las entidades que integran este espacio, las actividades que se desarrollaran durante el per\u00edodo 2018\/2019:\u00a0\u00a0las pol\u00edticas p\u00fablicas implementadas en relaci\u00f3n a la tem\u00e1tica ambiental, los resultados en cada uno de los ejes abordados y los desaf\u00edos a futuro.<\/p>\n<p class=\"x_MsoNormal\" style=\"text-align: justify;\">Particip\u00f3 de la reuni\u00f3n, en representaci\u00f3n de la UCSE DAR y del CUR, nuestro Director, Abog. Edgardo Allochis.<\/p>\n","protected":false},"excerpt":{"rendered":"<p>El pasado jueves se llev\u00f3 a cabo una nueva reuni\u00f3n del Consejo Consultivo Social (CCS), espacio institucional creado en el 2002 para implementar la descentralizaci\u00f3n operativa y el control de los programas nacionales de planes sociales, orientados a descomprimir la situaci\u00f3n de crisis econ\u00f3mica y social que atravesaba el pa\u00eds. Superada la coyuntura cr\u00edtica que [&hellip;]<\/p>\n","protected":false},"author":1,"featured_media":3844,"comment_status":"closed","ping_status":"closed","sticky":false,"template":"","format":"standard","meta":{"_exactmetrics_skip_tracking":false,"_exactmetrics_sitenote_active":false,"_exactmetrics_sitenote_note":"","_exactmetrics_sitenote_category":0,"footnotes":""},"categories":[20],"tags":[],"_links":{"self":[{"href":"https:\/\/www.ucse.edu.ar\/notiucse\/wp-json\/wp\/v2\/posts\/3843"}],"collection":[{"href":"https:\/\/www.ucse.edu.ar\/notiucse\/wp-json\/wp\/v2\/posts"}],"about":[{"href":"https:\/\/www.ucse.edu.ar\/notiucse\/wp-json\/wp\/v2\/types\/post"}],"author":[{"embeddable":true,"href":"https:\/\/www.ucse.edu.ar\/notiucse\/wp-json\/wp\/v2\/users\/1"}],"replies":[{"embeddable":true,"href":"https:\/\/www.ucse.edu.ar\/notiucse\/wp-json\/wp\/v2\/comments?post=3843"}],"version-history":[{"count":1,"href":"https:\/\/www.ucse.edu.ar\/notiucse\/wp-json\/wp\/v2\/posts\/3843\/revisions"}],"predecessor-version":[{"id":3845,"href":"https:\/\/www.ucse.edu.ar\/notiucse\/wp-json\/wp\/v2\/posts\/3843\/revisions\/3845"}],"wp:featuredmedia":[{"embeddable":true,"href":"https:\/\/www.ucse.edu.ar\/notiucse\/wp-json\/wp\/v2\/media\/3844"}],"wp:attachment":[{"href":"https:\/\/www.ucse.edu.ar\/notiucse\/wp-json\/wp\/v2\/media?parent=3843"}],"wp:term":[{"taxonomy":"category","embeddable":true,"href":"https:\/\/www.ucse.edu.ar\/notiucse\/wp-json\/wp\/v2\/categories?post=3843"},{"taxonomy":"post_tag","embeddable":true,"href":"https:\/\/www.ucse.edu.ar\/notiucse\/wp-json\/wp\/v2\/tags?post=3843"}],"curies":[{"name":"wp","href":"https:\/\/api.w.org\/{rel}","templated":true}]}}