{"id":3849,"date":"2019-05-27T19:21:09","date_gmt":"2019-05-27T22:21:09","guid":{"rendered":"http:\/\/www.ucse.edu.ar\/notiucse\/?p=3849"},"modified":"2019-05-27T19:21:09","modified_gmt":"2019-05-27T22:21:09","slug":"jornada-taller-violencia-de-genero-conceptos-y-modalidades-de-abordaje","status":"publish","type":"post","link":"https:\/\/www.ucse.edu.ar\/notiucse\/2019\/05\/27\/jornada-taller-violencia-de-genero-conceptos-y-modalidades-de-abordaje\/","title":{"rendered":"Jornada Taller Violencia de G\u00e9nero: conceptos y modalidades de abordaje"},"content":{"rendered":"<p class=\"x_MsoNormal\" style=\"text-align: justify;\"><img fetchpriority=\"high\" decoding=\"async\" class=\"aligncenter size-full wp-image-3850\" src=\"http:\/\/www.ucse.edu.ar\/notiucse\/wp-content\/uploads\/2019\/05\/102.jpg\" alt=\"10\" width=\"1001\" height=\"667\" srcset=\"https:\/\/www.ucse.edu.ar\/notiucse\/wp-content\/uploads\/2019\/05\/102.jpg 1001w, https:\/\/www.ucse.edu.ar\/notiucse\/wp-content\/uploads\/2019\/05\/102-300x200.jpg 300w\" sizes=\"(max-width: 1001px) 100vw, 1001px\" \/><\/p>\n<p class=\"x_MsoNormal\" style=\"text-align: justify;\">El jueves 23 de mayo se llev\u00f3 a cabo en el campus de la UCSE DAR la jornada taller sobre Violencia de G\u00e9nero: conceptos y modalidades de abordaje.<\/p>\n<p class=\"x_MsoNormal\" style=\"text-align: justify;\">La misma, estuvo a cargo de las profesionales Mar\u00eda Victoria Gual (Licenciada en Psicolog\u00eda y Asistente Profesional de la Subsecretar\u00eda de Pol\u00edticas de G\u00e9nero de la Provincia de Santa Fe) y Gisela Troncoso (Licenciada en Psicolog\u00eda, T\u00e9cnica Universitaria en Acompa\u00f1amiento Terap\u00e9utico y Psic\u00f3loga de la Agencia de Trata de Personas y Violencia de G\u00e9nero de la Regi\u00f3n 5 de la Provincia de Santa Fe).<\/p>\n<p class=\"x_MsoNormal\" style=\"text-align: justify;\">A trav\u00e9s de la jornada taller se trat\u00f3 de construir y deconstruir los conceptos de g\u00e9nero y violencia, el abordaje interdisciplinario, el rol del psic\u00f3logo en la cl\u00ednica, la articulaci\u00f3n interinstitucional, sobre todo haciendo foco en el abordaje de la problem\u00e1tica en Rafaela.<\/p>\n<p class=\"x_MsoNormal\" style=\"text-align: justify;\">Participaron alumnos y docentes de las carreras de psicolog\u00eda y abogac\u00eda, profesionales y p\u00fablico en general<\/p>\n","protected":false},"excerpt":{"rendered":"<p>El jueves 23 de mayo se llev\u00f3 a cabo en el campus de la UCSE DAR la jornada taller sobre Violencia de G\u00e9nero: conceptos y modalidades de abordaje. La misma, estuvo a cargo de las profesionales Mar\u00eda Victoria Gual (Licenciada en Psicolog\u00eda y Asistente Profesional de la Subsecretar\u00eda de Pol\u00edticas de G\u00e9nero de la Provincia [&hellip;]<\/p>\n","protected":false},"author":1,"featured_media":3850,"comment_status":"closed","ping_status":"closed","sticky":false,"template":"","format":"standard","meta":{"_exactmetrics_skip_tracking":false,"_exactmetrics_sitenote_active":false,"_exactmetrics_sitenote_note":"","_exactmetrics_sitenote_category":0,"footnotes":""},"categories":[20],"tags":[],"_links":{"self":[{"href":"https:\/\/www.ucse.edu.ar\/notiucse\/wp-json\/wp\/v2\/posts\/3849"}],"collection":[{"href":"https:\/\/www.ucse.edu.ar\/notiucse\/wp-json\/wp\/v2\/posts"}],"about":[{"href":"https:\/\/www.ucse.edu.ar\/notiucse\/wp-json\/wp\/v2\/types\/post"}],"author":[{"embeddable":true,"href":"https:\/\/www.ucse.edu.ar\/notiucse\/wp-json\/wp\/v2\/users\/1"}],"replies":[{"embeddable":true,"href":"https:\/\/www.ucse.edu.ar\/notiucse\/wp-json\/wp\/v2\/comments?post=3849"}],"version-history":[{"count":1,"href":"https:\/\/www.ucse.edu.ar\/notiucse\/wp-json\/wp\/v2\/posts\/3849\/revisions"}],"predecessor-version":[{"id":3851,"href":"https:\/\/www.ucse.edu.ar\/notiucse\/wp-json\/wp\/v2\/posts\/3849\/revisions\/3851"}],"wp:featuredmedia":[{"embeddable":true,"href":"https:\/\/www.ucse.edu.ar\/notiucse\/wp-json\/wp\/v2\/media\/3850"}],"wp:attachment":[{"href":"https:\/\/www.ucse.edu.ar\/notiucse\/wp-json\/wp\/v2\/media?parent=3849"}],"wp:term":[{"taxonomy":"category","embeddable":true,"href":"https:\/\/www.ucse.edu.ar\/notiucse\/wp-json\/wp\/v2\/categories?post=3849"},{"taxonomy":"post_tag","embeddable":true,"href":"https:\/\/www.ucse.edu.ar\/notiucse\/wp-json\/wp\/v2\/tags?post=3849"}],"curies":[{"name":"wp","href":"https:\/\/api.w.org\/{rel}","templated":true}]}}