{"id":3884,"date":"2019-06-03T19:32:54","date_gmt":"2019-06-03T22:32:54","guid":{"rendered":"http:\/\/www.ucse.edu.ar\/notiucse\/?p=3884"},"modified":"2019-06-03T19:32:54","modified_gmt":"2019-06-03T22:32:54","slug":"ciclo-institucional-de-transferencia-del-conocimiento","status":"publish","type":"post","link":"https:\/\/www.ucse.edu.ar\/notiucse\/2019\/06\/03\/ciclo-institucional-de-transferencia-del-conocimiento\/","title":{"rendered":"Ciclo Institucional de Transferencia del Conocimiento"},"content":{"rendered":"<p class=\"x_MsoNormal\" style=\"text-align: justify;\"><img fetchpriority=\"high\" decoding=\"async\" class=\"aligncenter size-full wp-image-3885\" src=\"http:\/\/www.ucse.edu.ar\/notiucse\/wp-content\/uploads\/2019\/06\/1.jpg\" alt=\"1\" width=\"1001\" height=\"667\" srcset=\"https:\/\/www.ucse.edu.ar\/notiucse\/wp-content\/uploads\/2019\/06\/1.jpg 1001w, https:\/\/www.ucse.edu.ar\/notiucse\/wp-content\/uploads\/2019\/06\/1-300x200.jpg 300w\" sizes=\"(max-width: 1001px) 100vw, 1001px\" \/><\/p>\n<p class=\"x_MsoNormal\" style=\"text-align: justify;\">El lunes 27 de mayo, dio inicio un nuevo Ciclo Institucional de Transferencia del Conocimiento.<\/p>\n<p class=\"x_MsoNormal\" style=\"text-align: justify;\">Durante la jornada, tuvo lugar la exposici\u00f3n sobre el trabajo de investigaci\u00f3n denominado: \u201cLa promoci\u00f3n de competencias a partir del aprendizaje experiencial en el \u00e1mbito de Responsabilidad Social Universitaria\u201d, a cargo de sus autoras, las docentes\/investigadoras Ma. Celeste Dayer y Ver\u00f3nica Cipolatti. Seguidamente, se realiz\u00f3 la presentaci\u00f3n del Observatorio Institucional de Innovaci\u00f3n Social. UCSE-DAR. (OIIS. UCSE-DAR), a cargo de Ma. In\u00e9s Coraglia. Por \u00faltimo, se llev\u00f3 a cabo la presentaci\u00f3n Institucional del Programa ArCa (Art\u00edculos C\u00e1tedras para Ediciones UCSE), la cual estuvo a cargo de Rodolfo Arancibia.<\/p>\n<p class=\"x_MsoNormal\" style=\"text-align: justify;\">Participaron funcionarios, docentes e investigadores de la UCSE DAR y p\u00fablico en general.<\/p>\n","protected":false},"excerpt":{"rendered":"<p>El lunes 27 de mayo, dio inicio un nuevo Ciclo Institucional de Transferencia del Conocimiento. Durante la jornada, tuvo lugar la exposici\u00f3n sobre el trabajo de investigaci\u00f3n denominado: \u201cLa promoci\u00f3n de competencias a partir del aprendizaje experiencial en el \u00e1mbito de Responsabilidad Social Universitaria\u201d, a cargo de sus autoras, las docentes\/investigadoras Ma. Celeste Dayer y [&hellip;]<\/p>\n","protected":false},"author":1,"featured_media":3885,"comment_status":"closed","ping_status":"closed","sticky":false,"template":"","format":"standard","meta":{"_exactmetrics_skip_tracking":false,"_exactmetrics_sitenote_active":false,"_exactmetrics_sitenote_note":"","_exactmetrics_sitenote_category":0,"footnotes":""},"categories":[20],"tags":[],"_links":{"self":[{"href":"https:\/\/www.ucse.edu.ar\/notiucse\/wp-json\/wp\/v2\/posts\/3884"}],"collection":[{"href":"https:\/\/www.ucse.edu.ar\/notiucse\/wp-json\/wp\/v2\/posts"}],"about":[{"href":"https:\/\/www.ucse.edu.ar\/notiucse\/wp-json\/wp\/v2\/types\/post"}],"author":[{"embeddable":true,"href":"https:\/\/www.ucse.edu.ar\/notiucse\/wp-json\/wp\/v2\/users\/1"}],"replies":[{"embeddable":true,"href":"https:\/\/www.ucse.edu.ar\/notiucse\/wp-json\/wp\/v2\/comments?post=3884"}],"version-history":[{"count":1,"href":"https:\/\/www.ucse.edu.ar\/notiucse\/wp-json\/wp\/v2\/posts\/3884\/revisions"}],"predecessor-version":[{"id":3886,"href":"https:\/\/www.ucse.edu.ar\/notiucse\/wp-json\/wp\/v2\/posts\/3884\/revisions\/3886"}],"wp:featuredmedia":[{"embeddable":true,"href":"https:\/\/www.ucse.edu.ar\/notiucse\/wp-json\/wp\/v2\/media\/3885"}],"wp:attachment":[{"href":"https:\/\/www.ucse.edu.ar\/notiucse\/wp-json\/wp\/v2\/media?parent=3884"}],"wp:term":[{"taxonomy":"category","embeddable":true,"href":"https:\/\/www.ucse.edu.ar\/notiucse\/wp-json\/wp\/v2\/categories?post=3884"},{"taxonomy":"post_tag","embeddable":true,"href":"https:\/\/www.ucse.edu.ar\/notiucse\/wp-json\/wp\/v2\/tags?post=3884"}],"curies":[{"name":"wp","href":"https:\/\/api.w.org\/{rel}","templated":true}]}}