{"id":3887,"date":"2019-06-03T19:32:57","date_gmt":"2019-06-03T22:32:57","guid":{"rendered":"http:\/\/www.ucse.edu.ar\/notiucse\/?p=3887"},"modified":"2019-06-03T19:32:57","modified_gmt":"2019-06-03T22:32:57","slug":"lanzamiento-carrera-de-posgrado-en-tributacion","status":"publish","type":"post","link":"https:\/\/www.ucse.edu.ar\/notiucse\/2019\/06\/03\/lanzamiento-carrera-de-posgrado-en-tributacion\/","title":{"rendered":"Lanzamiento Carrera de Posgrado en Tributaci\u00f3n"},"content":{"rendered":"<p style=\"text-align: justify;\"><img fetchpriority=\"high\" decoding=\"async\" class=\"aligncenter size-full wp-image-3888\" src=\"http:\/\/www.ucse.edu.ar\/notiucse\/wp-content\/uploads\/2019\/06\/2.jpg\" alt=\"2\" width=\"1001\" height=\"667\" srcset=\"https:\/\/www.ucse.edu.ar\/notiucse\/wp-content\/uploads\/2019\/06\/2.jpg 1001w, https:\/\/www.ucse.edu.ar\/notiucse\/wp-content\/uploads\/2019\/06\/2-300x200.jpg 300w\" sizes=\"(max-width: 1001px) 100vw, 1001px\" \/><\/p>\n<p style=\"text-align: justify;\">El martes 28 de mayo, a las 18:30 en la Sede UNL Rafaela-Sunchales, sita en San Mart\u00edn 221 de esta ciudad, se llev\u00f3 a cabo el lanzamiento oficial de la Carrera de Posgrado \u201cEspecializaci\u00f3n en Tributaci\u00f3n\u201d. Estuvieron presentes, entre otros, por la UNL el Sr. Decano de la Facultad \u00a0de Ciencias Econ\u00f3micas, Dr. Sergio Miguel Hauque, el Director de la Sede Rafaela-Sunchales, Mg. Ing. Agr. Hugo Erbetta, y el Director de la carrera Dr. Julio Y\u00f3dice, y por la UCSE, el Director del Departamento Acad\u00e9mico Rafaela, Dr. Edgardo Allochis, el Director de la carrera de Contador P\u00fablico CPN. Ricardo Bongiovanni, y el Director de la carrera de Lic. en Finanzas y colaborador en Ciencias Econ\u00f3micas, Contador P\u00fablico Maximiliano Tessio.<\/p>\n","protected":false},"excerpt":{"rendered":"<p>El martes 28 de mayo, a las 18:30 en la Sede UNL Rafaela-Sunchales, sita en San Mart\u00edn 221 de esta ciudad, se llev\u00f3 a cabo el lanzamiento oficial de la Carrera de Posgrado \u201cEspecializaci\u00f3n en Tributaci\u00f3n\u201d. Estuvieron presentes, entre otros, por la UNL el Sr. Decano de la Facultad \u00a0de Ciencias Econ\u00f3micas, Dr. Sergio Miguel [&hellip;]<\/p>\n","protected":false},"author":1,"featured_media":3888,"comment_status":"closed","ping_status":"closed","sticky":false,"template":"","format":"standard","meta":{"_exactmetrics_skip_tracking":false,"_exactmetrics_sitenote_active":false,"_exactmetrics_sitenote_note":"","_exactmetrics_sitenote_category":0,"footnotes":""},"categories":[20],"tags":[],"_links":{"self":[{"href":"https:\/\/www.ucse.edu.ar\/notiucse\/wp-json\/wp\/v2\/posts\/3887"}],"collection":[{"href":"https:\/\/www.ucse.edu.ar\/notiucse\/wp-json\/wp\/v2\/posts"}],"about":[{"href":"https:\/\/www.ucse.edu.ar\/notiucse\/wp-json\/wp\/v2\/types\/post"}],"author":[{"embeddable":true,"href":"https:\/\/www.ucse.edu.ar\/notiucse\/wp-json\/wp\/v2\/users\/1"}],"replies":[{"embeddable":true,"href":"https:\/\/www.ucse.edu.ar\/notiucse\/wp-json\/wp\/v2\/comments?post=3887"}],"version-history":[{"count":1,"href":"https:\/\/www.ucse.edu.ar\/notiucse\/wp-json\/wp\/v2\/posts\/3887\/revisions"}],"predecessor-version":[{"id":3889,"href":"https:\/\/www.ucse.edu.ar\/notiucse\/wp-json\/wp\/v2\/posts\/3887\/revisions\/3889"}],"wp:featuredmedia":[{"embeddable":true,"href":"https:\/\/www.ucse.edu.ar\/notiucse\/wp-json\/wp\/v2\/media\/3888"}],"wp:attachment":[{"href":"https:\/\/www.ucse.edu.ar\/notiucse\/wp-json\/wp\/v2\/media?parent=3887"}],"wp:term":[{"taxonomy":"category","embeddable":true,"href":"https:\/\/www.ucse.edu.ar\/notiucse\/wp-json\/wp\/v2\/categories?post=3887"},{"taxonomy":"post_tag","embeddable":true,"href":"https:\/\/www.ucse.edu.ar\/notiucse\/wp-json\/wp\/v2\/tags?post=3887"}],"curies":[{"name":"wp","href":"https:\/\/api.w.org\/{rel}","templated":true}]}}