{"id":3894,"date":"2019-06-03T19:33:00","date_gmt":"2019-06-03T22:33:00","guid":{"rendered":"http:\/\/www.ucse.edu.ar\/notiucse\/?p=3894"},"modified":"2019-06-03T19:33:00","modified_gmt":"2019-06-03T22:33:00","slug":"debate-de-candidatos-a-intendente","status":"publish","type":"post","link":"https:\/\/www.ucse.edu.ar\/notiucse\/2019\/06\/03\/debate-de-candidatos-a-intendente\/","title":{"rendered":"Debate de candidatos a intendente"},"content":{"rendered":"<p style=\"text-align: justify;\"><img fetchpriority=\"high\" decoding=\"async\" class=\"aligncenter size-full wp-image-3895\" src=\"http:\/\/www.ucse.edu.ar\/notiucse\/wp-content\/uploads\/2019\/06\/4.jpg\" alt=\"4\" width=\"1001\" height=\"667\" srcset=\"https:\/\/www.ucse.edu.ar\/notiucse\/wp-content\/uploads\/2019\/06\/4.jpg 1001w, https:\/\/www.ucse.edu.ar\/notiucse\/wp-content\/uploads\/2019\/06\/4-300x200.jpg 300w\" sizes=\"(max-width: 1001px) 100vw, 1001px\" \/><\/p>\n<p style=\"text-align: justify;\">El C\u00edrculo de la Prensa de Rafaela (CPR), entidad pionera en dicha actividad en la ciudad, junto a la inestimable colaboraci\u00f3n de la Universidad de Ciencias Empresariales y Sociales (UCES), la Universidad Cat\u00f3lica de Santiago del Estero, Departamento Acad\u00e9mico Rafaela (UCSE DAR)\u00a0y el Centro Comercial e Industrial de Rafaela y la Regi\u00f3n (CCIRR), ha organizado un debate de Candidatos a Intendente. El mismo se llev\u00f3 a cabo el lunes 27 de mayo a partir de la hora 19:30 en las instalaciones de UCES Centro.<\/p>\n<p style=\"text-align: justify;\">La actividad fue transmitida en vivo a trav\u00e9s de la Fanpage de Facebook de Rafaela TV M\u00f3vil.<\/p>\n<p style=\"text-align: justify;\">Participaron del debate, los cuatro candidatos a Intendente por Rafaela, de cara a las Elecciones Generales del 16 de junio: Luis Castellano, Fernando Muriel, Leonardo Viotti y Oscar Gasparotti.<\/p>\n<p style=\"text-align: justify;\">Los moderadores, estudiantes y egresados universitarios de la carrera de Comunicaci\u00f3n Social de UCES (Nazareno Rivero) y de UCSE (Victoria Brusa), fueron los encargados de encauzar los diferentes ejes tem\u00e1ticos. Emilio Grande (h), docente de nuestra casa de estudios fue el periodista coordinador general, quien fiscaliz\u00f3 el evento para controlar su normal realizaci\u00f3n y, sobre el final, fue el encargado de leer una pregunta a cada candidato formuladas por el p\u00fablico presente, escritas antes del inicio del evento, depositadas en una urna y elegidas al azar.<\/p>\n","protected":false},"excerpt":{"rendered":"<p>El C\u00edrculo de la Prensa de Rafaela (CPR), entidad pionera en dicha actividad en la ciudad, junto a la inestimable colaboraci\u00f3n de la Universidad de Ciencias Empresariales y Sociales (UCES), la Universidad Cat\u00f3lica de Santiago del Estero, Departamento Acad\u00e9mico Rafaela (UCSE DAR)\u00a0y el Centro Comercial e Industrial de Rafaela y la Regi\u00f3n (CCIRR), ha organizado [&hellip;]<\/p>\n","protected":false},"author":1,"featured_media":3895,"comment_status":"closed","ping_status":"closed","sticky":false,"template":"","format":"standard","meta":{"_exactmetrics_skip_tracking":false,"_exactmetrics_sitenote_active":false,"_exactmetrics_sitenote_note":"","_exactmetrics_sitenote_category":0,"footnotes":""},"categories":[20],"tags":[],"_links":{"self":[{"href":"https:\/\/www.ucse.edu.ar\/notiucse\/wp-json\/wp\/v2\/posts\/3894"}],"collection":[{"href":"https:\/\/www.ucse.edu.ar\/notiucse\/wp-json\/wp\/v2\/posts"}],"about":[{"href":"https:\/\/www.ucse.edu.ar\/notiucse\/wp-json\/wp\/v2\/types\/post"}],"author":[{"embeddable":true,"href":"https:\/\/www.ucse.edu.ar\/notiucse\/wp-json\/wp\/v2\/users\/1"}],"replies":[{"embeddable":true,"href":"https:\/\/www.ucse.edu.ar\/notiucse\/wp-json\/wp\/v2\/comments?post=3894"}],"version-history":[{"count":1,"href":"https:\/\/www.ucse.edu.ar\/notiucse\/wp-json\/wp\/v2\/posts\/3894\/revisions"}],"predecessor-version":[{"id":3896,"href":"https:\/\/www.ucse.edu.ar\/notiucse\/wp-json\/wp\/v2\/posts\/3894\/revisions\/3896"}],"wp:featuredmedia":[{"embeddable":true,"href":"https:\/\/www.ucse.edu.ar\/notiucse\/wp-json\/wp\/v2\/media\/3895"}],"wp:attachment":[{"href":"https:\/\/www.ucse.edu.ar\/notiucse\/wp-json\/wp\/v2\/media?parent=3894"}],"wp:term":[{"taxonomy":"category","embeddable":true,"href":"https:\/\/www.ucse.edu.ar\/notiucse\/wp-json\/wp\/v2\/categories?post=3894"},{"taxonomy":"post_tag","embeddable":true,"href":"https:\/\/www.ucse.edu.ar\/notiucse\/wp-json\/wp\/v2\/tags?post=3894"}],"curies":[{"name":"wp","href":"https:\/\/api.w.org\/{rel}","templated":true}]}}