{"id":3900,"date":"2019-06-03T19:33:08","date_gmt":"2019-06-03T22:33:08","guid":{"rendered":"http:\/\/www.ucse.edu.ar\/notiucse\/?p=3900"},"modified":"2019-06-03T19:33:08","modified_gmt":"2019-06-03T22:33:08","slug":"el-cur-comenzo-el-programa-nexos","status":"publish","type":"post","link":"https:\/\/www.ucse.edu.ar\/notiucse\/2019\/06\/03\/el-cur-comenzo-el-programa-nexos\/","title":{"rendered":"El CUR comenz\u00f3 el Programa Nexos"},"content":{"rendered":"<p class=\"x_MsoNormal\" style=\"text-align: justify;\"><img fetchpriority=\"high\" decoding=\"async\" class=\"aligncenter size-full wp-image-3901\" src=\"http:\/\/www.ucse.edu.ar\/notiucse\/wp-content\/uploads\/2019\/06\/6.jpg\" alt=\"6\" width=\"1001\" height=\"667\" srcset=\"https:\/\/www.ucse.edu.ar\/notiucse\/wp-content\/uploads\/2019\/06\/6.jpg 1001w, https:\/\/www.ucse.edu.ar\/notiucse\/wp-content\/uploads\/2019\/06\/6-300x200.jpg 300w\" sizes=\"(max-width: 1001px) 100vw, 1001px\" \/><\/p>\n<p class=\"x_MsoNormal\" style=\"text-align: justify;\">El Consejo Universitario de Rafaela (CUR) inici\u00f3 d\u00edas pasados, las actividades del Programa Nexos en 9 Escuelas Secundarias P\u00fablicas de nuestra ciudad que incluyen 37 cursos (entre 5\u00b0 y 6\u00b0) con 874 estudiantes.<\/p>\n<p class=\"x_MsoNormal\" style=\"text-align: justify;\">El programa consiste en una nutrida agenda de talleres de articulaci\u00f3n de las Universidades e Institutos de Educaci\u00f3n Superior con las Escuelas de Educaci\u00f3n Secundaria, buscando fortalecer la inserci\u00f3n de los estudiantes en el nivel superior, el ejercicio de la ciudadan\u00eda y las competencias para el mundo del trabajo.<\/p>\n<p class=\"x_MsoNormal\" style=\"text-align: justify;\">La iniciativa es ejecutada por un equipo de docentes de todas las casas de estudios miembros del CUR, lo que representa un importante trabajo de articulaci\u00f3n institucional. Adem\u00e1s, la implementaci\u00f3n del programa recibi\u00f3 el apoyo de la Regional III de Educaci\u00f3n de Rafaela, y est\u00e1 teniendo muy buena recepci\u00f3n al interior de las comunidades educativas de cada escuela.<\/p>\n<p class=\"x_MsoNormal\" style=\"text-align: justify;\">El Programa NEXOS es una herramienta que ayuda a organizar espacios de acci\u00f3n conjunta entre la Universidad y las instituciones de nivel secundario; es financiado por la Secretar\u00eda de Pol\u00edticas Universitarias (SPU) y avalado por el Ministerio de Educaci\u00f3n de la Provincia de Santa Fe. Tiene como ejes de trabajo el abordaje de competencias b\u00e1sicas y espec\u00edficas para el acceso a la educaci\u00f3n superior; el reconocimiento de las diferentes ofertas formativas; y la realizaci\u00f3n de experiencias orientadas a la formaci\u00f3n de vocaciones tempranas. Para esto, desarrolla l\u00edneas de acci\u00f3n como tutor\u00edas acad\u00e9micas; actividades de aproximaci\u00f3n a la vida universitaria; producci\u00f3n de material educativo; y estrategias de formaci\u00f3n y capacitaci\u00f3n permanente. En este marco, el lunes 20 de mayo comenzaron las Tutor\u00edas Acad\u00e9micas de Identificaci\u00f3n y Acompa\u00f1amiento de Vocaciones Tempranas.<\/p>\n","protected":false},"excerpt":{"rendered":"<p>El Consejo Universitario de Rafaela (CUR) inici\u00f3 d\u00edas pasados, las actividades del Programa Nexos en 9 Escuelas Secundarias P\u00fablicas de nuestra ciudad que incluyen 37 cursos (entre 5\u00b0 y 6\u00b0) con 874 estudiantes. El programa consiste en una nutrida agenda de talleres de articulaci\u00f3n de las Universidades e Institutos de Educaci\u00f3n Superior con las Escuelas [&hellip;]<\/p>\n","protected":false},"author":1,"featured_media":3901,"comment_status":"closed","ping_status":"closed","sticky":false,"template":"","format":"standard","meta":{"_exactmetrics_skip_tracking":false,"_exactmetrics_sitenote_active":false,"_exactmetrics_sitenote_note":"","_exactmetrics_sitenote_category":0,"footnotes":""},"categories":[20],"tags":[],"_links":{"self":[{"href":"https:\/\/www.ucse.edu.ar\/notiucse\/wp-json\/wp\/v2\/posts\/3900"}],"collection":[{"href":"https:\/\/www.ucse.edu.ar\/notiucse\/wp-json\/wp\/v2\/posts"}],"about":[{"href":"https:\/\/www.ucse.edu.ar\/notiucse\/wp-json\/wp\/v2\/types\/post"}],"author":[{"embeddable":true,"href":"https:\/\/www.ucse.edu.ar\/notiucse\/wp-json\/wp\/v2\/users\/1"}],"replies":[{"embeddable":true,"href":"https:\/\/www.ucse.edu.ar\/notiucse\/wp-json\/wp\/v2\/comments?post=3900"}],"version-history":[{"count":1,"href":"https:\/\/www.ucse.edu.ar\/notiucse\/wp-json\/wp\/v2\/posts\/3900\/revisions"}],"predecessor-version":[{"id":3902,"href":"https:\/\/www.ucse.edu.ar\/notiucse\/wp-json\/wp\/v2\/posts\/3900\/revisions\/3902"}],"wp:featuredmedia":[{"embeddable":true,"href":"https:\/\/www.ucse.edu.ar\/notiucse\/wp-json\/wp\/v2\/media\/3901"}],"wp:attachment":[{"href":"https:\/\/www.ucse.edu.ar\/notiucse\/wp-json\/wp\/v2\/media?parent=3900"}],"wp:term":[{"taxonomy":"category","embeddable":true,"href":"https:\/\/www.ucse.edu.ar\/notiucse\/wp-json\/wp\/v2\/categories?post=3900"},{"taxonomy":"post_tag","embeddable":true,"href":"https:\/\/www.ucse.edu.ar\/notiucse\/wp-json\/wp\/v2\/tags?post=3900"}],"curies":[{"name":"wp","href":"https:\/\/api.w.org\/{rel}","templated":true}]}}