{"id":409,"date":"2013-11-29T13:32:42","date_gmt":"2013-11-29T13:32:42","guid":{"rendered":"http:\/\/www.ucse.edu.ar\/notiucse\/?p=409"},"modified":"2013-11-27T13:37:58","modified_gmt":"2013-11-27T13:37:58","slug":"1-100-universidades-asistiran-en-rio-de-janeiro-al-iii-encuentro-internacional-de-rectores-universia","status":"publish","type":"post","link":"https:\/\/www.ucse.edu.ar\/notiucse\/2013\/11\/29\/1-100-universidades-asistiran-en-rio-de-janeiro-al-iii-encuentro-internacional-de-rectores-universia\/","title":{"rendered":"1.100 universidades asistir\u00e1n en R\u00edo de Janeiro al III Encuentro Internacional de Rectores Universia"},"content":{"rendered":"<p>&nbsp;<\/p>\n<p><a href=\"http:\/\/www.ucse.edu.ar\/notiucse\/wp-content\/uploads\/2013\/11\/sondeos-ii-encuentro-internacional-rectores-universia-noticias.jpg\"><img fetchpriority=\"high\" decoding=\"async\" class=\"size-full wp-image-410 alignleft\" alt=\"sondeos-ii-encuentro-internacional-rectores-universia-noticias\" src=\"http:\/\/www.ucse.edu.ar\/notiucse\/wp-content\/uploads\/2013\/11\/sondeos-ii-encuentro-internacional-rectores-universia-noticias.jpg\" width=\"340\" height=\"195\" srcset=\"https:\/\/www.ucse.edu.ar\/notiucse\/wp-content\/uploads\/2013\/11\/sondeos-ii-encuentro-internacional-rectores-universia-noticias.jpg 340w, https:\/\/www.ucse.edu.ar\/notiucse\/wp-content\/uploads\/2013\/11\/sondeos-ii-encuentro-internacional-rectores-universia-noticias-300x172.jpg 300w, https:\/\/www.ucse.edu.ar\/notiucse\/wp-content\/uploads\/2013\/11\/sondeos-ii-encuentro-internacional-rectores-universia-noticias-220x126.jpg 220w\" sizes=\"(max-width: 340px) 100vw, 340px\" \/><\/a><a href=\"http:\/\/www.ucse.edu.ar\/notiucse\/wp-content\/uploads\/2013\/11\/causas-consecuenciass.jpg\"><img decoding=\"async\" class=\"size-full wp-image-401 alignright\" alt=\"causas-consecuenciass\" src=\"http:\/\/www.ucse.edu.ar\/notiucse\/wp-content\/uploads\/2013\/11\/causas-consecuenciass.jpg\" width=\"340\" height=\"195\" srcset=\"https:\/\/www.ucse.edu.ar\/notiucse\/wp-content\/uploads\/2013\/11\/causas-consecuenciass.jpg 340w, https:\/\/www.ucse.edu.ar\/notiucse\/wp-content\/uploads\/2013\/11\/causas-consecuenciass-300x172.jpg 300w, https:\/\/www.ucse.edu.ar\/notiucse\/wp-content\/uploads\/2013\/11\/causas-consecuenciass-220x126.jpg 220w\" sizes=\"(max-width: 340px) 100vw, 340px\" \/><\/a><\/p>\n<p>&nbsp;<\/p>\n<p>&nbsp;<\/p>\n<p>&nbsp;<\/p>\n<p>&nbsp;<\/p>\n<p>&nbsp;<\/p>\n<p>&nbsp;<\/p>\n<p>&nbsp;<\/p>\n<p>Emilio Bot\u00edn, presidente de Universia y Banco Santander, ha presentado hoy el III Encuentro Internacional de Rectores Universia, que se celebrar\u00e1 en R\u00edo de Janeiro los pr\u00f3ximos 28 y 29 de julio de 2014.<\/p>\n<p>Universia, impulsada por el Banco Santander, es la red de universidades m\u00e1s importante del mundo al agrupar a 1240 universidades de 23 pa\u00edses representando a un total de 14.3 millones de alumnos y profesores.\u00a0 En 2005 se celebr\u00f3 la primera edici\u00f3n del encuentro en Sevilla con la asistencia de 500 Rectores y cinco a\u00f1os despu\u00e9s tuvo lugar en Guadalajara, M\u00e9xico, el segundo encuentro de Rectores con la asistencia de 900 Rectores y representantes de universidades iberoamericanas recogiendo sus conclusiones en la llamada agenda de Guadalajara.<\/p>\n<p><strong>&#8220;La universidad del siglo XXI: una reflexi\u00f3n desde Iberoam\u00e9rica&#8221;<\/strong>\u00a0es el lema que preside el Encuentro, en el que\u00a0<strong>se analizar\u00e1 el futuro de la Universidad<\/strong>, su capacidad de respuesta ante las demandas de la sociedad actual y la proyecci\u00f3n de la Universidad iberoamericana en el contexto mundial. El desaf\u00edo de la Universidad pasa por\u00a0<a title=\"III Encuentro Internacional de Rectores de Universia\" href=\"http:\/\/universia.cloudapp.net\/\"><strong>el encuentro en R\u00cdO 14<\/strong><\/a>, en el que se debatir\u00e1 el futuro de la sociedad, futuro que depender\u00e1 de la formaci\u00f3n de nuestros j\u00f3venes.<\/p>\n<div id=\"maximizedContent\">\n<div id=\"translateableContent\">\n<div>\n<div align=\"justify\"><strong>La participaci\u00f3n de la comunidad universitaria clave del Encuentro<\/strong>Est\u00e1 prevista la\u00a0<strong>asistencia de 1.100 universidades de 46 pa\u00edses<\/strong>\u00a0que provienen no s\u00f3lo de la comunidad iberoamericana sino tambi\u00e9n de universidades l\u00edderes de Europa, Estados Unidos, Rusia, Asia, \u00c1frica y Ocean\u00eda, cuyas opiniones contribuir\u00e1n a situar el horizonte y proyecci\u00f3n de la Universidad iberoamericana en el contexto mundial y a dar un sentido pleno a las \u201810 claves para el Espacio Iberoamericano del Conocimiento\u2019 que constituyen nuestro programa\u201d.<\/p>\n<p>La comunidad universitaria est\u00e1 participando en los \u00faltimos meses muy activamente en la preparaci\u00f3n del Encuentro de Rio. 40 Rectores forman parte de los tres comit\u00e9s puestos en marcha para el encuentro, el Internacional, presidido por el Rector de la Universidad Federal de Rio de Janeiro, el\u00a0 Acad\u00e9mico\u00a0 presidido por el Rector de la universidad Federal de Rio Grande Do Sul Carlos Neto y el Comit\u00e9 Organizador, presidido por el Ignacio Berdugo, ex Rector de la universidad de Salamanca.<\/p>\n<p>480 Rectores se han involucrado\u00a0 a trav\u00e9s de la red en la selecci\u00f3n de los temas que ser\u00e1n tratados en el Encuentro y que son, entre otros, la\u00a0<strong>interacci\u00f3n de la Universidad<\/strong>\u00a0con la comunidad universitaria, la docencia e investigaci\u00f3n, la adaptaci\u00f3n a las nuevas tendencias sociales, las\u00a0<strong>posturas a tomar ante las nuevas tecnolog\u00edas<\/strong>, las estrategias de internacionalizaci\u00f3n y otros asuntos como la financiaci\u00f3n universitaria. Otros 267 Rectores han participado en los\u00a0 16 debates online junto con distintos expertos. \u201cM\u00e1s de 30.000 universitarios han contestado ya a los dos encuestas realizadas sobre \u201cel compromiso social de la universidad\u201d y\u00a0 \u201cla universidad sin fronteras\u201d, destac\u00f3 Ignacio Berdugo.<\/p>\n<p>Las reflexiones continuar\u00e1n con una encuesta a todos los rectores de universidades socias de Universia y con\u00a0<strong><a href=\"http:\/\/www.universiario2014.com\/\" target=\"_blank\">foros abiertos en para toda la comunidad universitaria<\/a><\/strong>, que tambi\u00e9n est\u00e1 llamada a intervenir en cinco sondeos de opini\u00f3n.<\/p>\n<p>Dado el papel clave que juega la tecnolog\u00eda como facilitador del aprendizaje y la ense\u00f1anza y como novedad frente a los anteriores encuentros se ha desarrollado una aplicaci\u00f3n digital que facilitar\u00e1 la creaci\u00f3n de una gran red acad\u00e9mica a nivel internacional comunicaci\u00f3n y colaboraci\u00f3n.\u00a0 Toda la preparaci\u00f3n de los temas y las sesiones del encuentro se est\u00e1 desarrollando a trav\u00e9s de internet y las redes sociales. Adem\u00e1s, los rectores podr\u00e1n acceder a los distintos debates mediante \u201ctablets\u201d, que se podr\u00e1n utilizar para facilitar las actividades y el contacto entre los participantes.<\/p>\n<p>La elecci\u00f3n de R\u00edo de janeiro como sede\u00a0 del\u00a0<strong>III Encuentro<\/strong>, la realiz\u00f3 el Consejo Asesor Internacional de Universia en consideraci\u00f3n a la conmemoraci\u00f3n de los 450 a\u00f1os de la fundaci\u00f3n de la ciudad, a ser lugar \u201cde referencia obligada en los grandes debates mundiales sobre el futuro del planeta y de la humanidad\u201d, en reconocimiento a la importancia y calidad del sistema universitario brasile\u00f1o- con 220 universidades formando parte de Universia &#8211;\u00a0 y al protagonismo y liderazgo creciente de Brasil en el mundo.<\/p>\n<p>El apoyo a la educaci\u00f3n superior constituye el eje de la pol\u00edtica de responsabilidad social corporativa del Banco Santander. En los \u00faltimos 15 a\u00f1os el banco ha destinado 1.000 millones de euros a apoyar a las universidades y a Universia. En su intervenci\u00f3n, Jaume Pag\u00e8s, Consejero Delegado de Universia Holding, present\u00f3 la actividad global de Universia, referida a acciones vinculadas a servicios acad\u00e9micos para profesores y estudiantes, las iniciativas de la Comunidad Laboral Universia-Trabajando, los Seminarios del Centro del Desarrollo Universia y las acciones llevadas a cabo para difundir los\u00a0<a title=\"Sondeos - La universidad iberoamericana del siglo XXI\" href=\"http:\/\/participa.universiario2014.com\/index\/sondeos\" target=\"_blank\"><strong>sondeos del III Encuentro de Rectores que est\u00e1n actualmente en vigencia<\/strong><\/a>. Por su parte, el Presidente Emilio Botin se\u00f1al\u00f3 que \u201csomos muy conscientes de que invertir en educaci\u00f3n es invertir en igualdad y desarrollo. M\u00e1s educaci\u00f3n y m\u00e1s universitarios significa sin ninguna dudad un mayor progreso de los pa\u00edses. Estoy seguro que el Encuentro de R\u00edo ser\u00e1 la cumbre mundial de la Educaci\u00f3n Superior en 2014 y que sus importantes conclusiones se llevar\u00e1n a la pr\u00e1ctica con el esfuerzo de todos\u201d.<\/p>\n<p>La presentaci\u00f3n de este gran evento Universitario estuvo presidida por Eduardo da Costa Paes, alcalde de R\u00edo de Janeiro,\u00a0 Carlos Ant\u00f4nio Levi, Rector de la Universidad Federal de R\u00edo de Janeiro y Presidente del Comit\u00e9 Internacional del Encuentro, Carlos Alexandre Neto, Rector de la Universidad Federal de Rio Grande do Sul y Presidente del Comit\u00e9 Acad\u00e9mico, Ignacio Berdugo, Presidente del Comit\u00e9 Organizador y por Emilio Botin, Presidente de Banco Santander y de Universia.<\/p>\n<\/div>\n<p>&nbsp;<\/p>\n<\/div>\n<\/div>\n<hr \/>\n<\/div>\n<div>\n<p>Fuente:\u00a0<a href=\"http:\/\/www.universia.net\/\" target=\"_blank\">Universia<\/a><\/p>\n<\/div>\n","protected":false},"excerpt":{"rendered":"<p>&nbsp; &nbsp; &nbsp; &nbsp; &nbsp; &nbsp; &nbsp; &nbsp; Emilio Bot\u00edn, presidente de Universia y Banco Santander, ha presentado hoy el III Encuentro Internacional de Rectores Universia, que se celebrar\u00e1 en R\u00edo de Janeiro los pr\u00f3ximos 28 y 29 de julio de 2014. Universia, impulsada por el Banco Santander, es la red de universidades m\u00e1s importante [&hellip;]<\/p>\n","protected":false},"author":1,"featured_media":410,"comment_status":"closed","ping_status":"closed","sticky":false,"template":"","format":"standard","meta":{"_exactmetrics_skip_tracking":false,"_exactmetrics_sitenote_active":false,"_exactmetrics_sitenote_note":"","_exactmetrics_sitenote_category":0,"footnotes":""},"categories":[1],"tags":[41,29],"_links":{"self":[{"href":"https:\/\/www.ucse.edu.ar\/notiucse\/wp-json\/wp\/v2\/posts\/409"}],"collection":[{"href":"https:\/\/www.ucse.edu.ar\/notiucse\/wp-json\/wp\/v2\/posts"}],"about":[{"href":"https:\/\/www.ucse.edu.ar\/notiucse\/wp-json\/wp\/v2\/types\/post"}],"author":[{"embeddable":true,"href":"https:\/\/www.ucse.edu.ar\/notiucse\/wp-json\/wp\/v2\/users\/1"}],"replies":[{"embeddable":true,"href":"https:\/\/www.ucse.edu.ar\/notiucse\/wp-json\/wp\/v2\/comments?post=409"}],"version-history":[{"count":3,"href":"https:\/\/www.ucse.edu.ar\/notiucse\/wp-json\/wp\/v2\/posts\/409\/revisions"}],"predecessor-version":[{"id":413,"href":"https:\/\/www.ucse.edu.ar\/notiucse\/wp-json\/wp\/v2\/posts\/409\/revisions\/413"}],"wp:featuredmedia":[{"embeddable":true,"href":"https:\/\/www.ucse.edu.ar\/notiucse\/wp-json\/wp\/v2\/media\/410"}],"wp:attachment":[{"href":"https:\/\/www.ucse.edu.ar\/notiucse\/wp-json\/wp\/v2\/media?parent=409"}],"wp:term":[{"taxonomy":"category","embeddable":true,"href":"https:\/\/www.ucse.edu.ar\/notiucse\/wp-json\/wp\/v2\/categories?post=409"},{"taxonomy":"post_tag","embeddable":true,"href":"https:\/\/www.ucse.edu.ar\/notiucse\/wp-json\/wp\/v2\/tags?post=409"}],"curies":[{"name":"wp","href":"https:\/\/api.w.org\/{rel}","templated":true}]}}