{"id":426,"date":"2013-11-27T14:20:22","date_gmt":"2013-11-27T14:20:22","guid":{"rendered":"http:\/\/www.ucse.edu.ar\/notiucse\/?p=426"},"modified":"2013-11-27T14:20:22","modified_gmt":"2013-11-27T14:20:22","slug":"se-realizo-el-panel-perspectivas-y-reflexiones-para-la-iglesia-y-el-mundo-a-la-luz-del-papa-francisco-en-la-sede-santiago","status":"publish","type":"post","link":"https:\/\/www.ucse.edu.ar\/notiucse\/2013\/11\/27\/se-realizo-el-panel-perspectivas-y-reflexiones-para-la-iglesia-y-el-mundo-a-la-luz-del-papa-francisco-en-la-sede-santiago\/","title":{"rendered":"Se realiz\u00f3 el Panel &#8220;Perspectivas y reflexiones para la iglesia y el mundo a la luz del Papa Francisco&#8221; en la Sede Santiago."},"content":{"rendered":"<p>El d\u00eda martes 26 del corriente, se realiz\u00f3 el Panel\u00a0&#8220;Perspectivas y reflexiones para la iglesia y el mundo a la luz del Papa Francisco&#8221; organizado por el Vicerrectorado de Relaciones de la sede Santiago del Estero.<\/p>\n<p>En el Panel disertar\u00f3n\u00a0<b>Mons. Dr. Ariel Torrado Mosconi &#8211;<\/b>\u00a0Obispo Auxiliar de la Di\u00f3cesis de Santiago del Estero-; el\u00a0<b>Dr. Enrique Aguilar &#8211;<\/b>\u00a0Decano de la Facultad de Ciencias Sociales, Pol\u00edticas y de la Comunicaci\u00f3n de la Pontificia Universidad Cat\u00f3lica Argentina-, y el\u00a0<b>Dr. Marcelo Trejo &#8211;<\/b>\u00a0Coordinador del Departamento de Integraci\u00f3n del Saber de la UCSE.<\/p>\n<p style=\"text-align: center;\"><a href=\"http:\/\/www.ucse.edu.ar\/notiucse\/wp-content\/uploads\/2013\/11\/collagePanel.jpg\"><img fetchpriority=\"high\" decoding=\"async\" class=\"aligncenter  wp-image-427\" alt=\"collagePanel\" src=\"http:\/\/www.ucse.edu.ar\/notiucse\/wp-content\/uploads\/2013\/11\/collagePanel.jpg\" width=\"720\" height=\"720\" srcset=\"https:\/\/www.ucse.edu.ar\/notiucse\/wp-content\/uploads\/2013\/11\/collagePanel.jpg 1200w, https:\/\/www.ucse.edu.ar\/notiucse\/wp-content\/uploads\/2013\/11\/collagePanel-150x150.jpg 150w, https:\/\/www.ucse.edu.ar\/notiucse\/wp-content\/uploads\/2013\/11\/collagePanel-300x300.jpg 300w, https:\/\/www.ucse.edu.ar\/notiucse\/wp-content\/uploads\/2013\/11\/collagePanel-1024x1024.jpg 1024w, https:\/\/www.ucse.edu.ar\/notiucse\/wp-content\/uploads\/2013\/11\/collagePanel-50x50.jpg 50w\" sizes=\"(max-width: 720px) 100vw, 720px\" \/><\/a><\/p>\n<p>Entre las distintas disertaciones,\u00a0El obispo auxiliar habl\u00f3 de una Iglesia que hable m\u00e1s por sus gestos que por sus palabras; pobre, austera, sencilla; que rompe con el orden preestablecido; y destac\u00f3 que\u00a0\u201cel Papa apuesta a una Iglesia que escucha, atiende y reconoce la dignidad de cada persona; misionera que salga de la sacrist\u00eda; en camino; que priorice la periferia y est\u00e9 m\u00e1s cercana a la cultura popular y a sus formas de piedad&#8221;.<\/p>\n<div><\/div>\n<div><a href=\"http:\/\/www.ucse.edu.ar\/notiucse\/wp-content\/uploads\/2013\/11\/collagepapa.jpg\"><img decoding=\"async\" class=\"aligncenter  wp-image-428\" alt=\"collagepapa\" src=\"http:\/\/www.ucse.edu.ar\/notiucse\/wp-content\/uploads\/2013\/11\/collagepapa.jpg\" width=\"720\" height=\"482\" srcset=\"https:\/\/www.ucse.edu.ar\/notiucse\/wp-content\/uploads\/2013\/11\/collagepapa.jpg 1200w, https:\/\/www.ucse.edu.ar\/notiucse\/wp-content\/uploads\/2013\/11\/collagepapa-300x201.jpg 300w, https:\/\/www.ucse.edu.ar\/notiucse\/wp-content\/uploads\/2013\/11\/collagepapa-1024x686.jpg 1024w\" sizes=\"(max-width: 720px) 100vw, 720px\" \/><\/a><\/div>\n","protected":false},"excerpt":{"rendered":"<p>El d\u00eda martes 26 del corriente, se realiz\u00f3 el Panel\u00a0&#8220;Perspectivas y reflexiones para la iglesia y el mundo a la luz del Papa Francisco&#8221; organizado por el Vicerrectorado de Relaciones de la sede Santiago del Estero. En el Panel disertar\u00f3n\u00a0Mons. Dr. Ariel Torrado Mosconi &#8211;\u00a0Obispo Auxiliar de la Di\u00f3cesis de Santiago del Estero-; el\u00a0Dr. Enrique [&hellip;]<\/p>\n","protected":false},"author":1,"featured_media":429,"comment_status":"closed","ping_status":"closed","sticky":false,"template":"","format":"standard","meta":{"_exactmetrics_skip_tracking":false,"_exactmetrics_sitenote_active":false,"_exactmetrics_sitenote_note":"","_exactmetrics_sitenote_category":0,"footnotes":""},"categories":[72],"tags":[51],"_links":{"self":[{"href":"https:\/\/www.ucse.edu.ar\/notiucse\/wp-json\/wp\/v2\/posts\/426"}],"collection":[{"href":"https:\/\/www.ucse.edu.ar\/notiucse\/wp-json\/wp\/v2\/posts"}],"about":[{"href":"https:\/\/www.ucse.edu.ar\/notiucse\/wp-json\/wp\/v2\/types\/post"}],"author":[{"embeddable":true,"href":"https:\/\/www.ucse.edu.ar\/notiucse\/wp-json\/wp\/v2\/users\/1"}],"replies":[{"embeddable":true,"href":"https:\/\/www.ucse.edu.ar\/notiucse\/wp-json\/wp\/v2\/comments?post=426"}],"version-history":[{"count":1,"href":"https:\/\/www.ucse.edu.ar\/notiucse\/wp-json\/wp\/v2\/posts\/426\/revisions"}],"predecessor-version":[{"id":430,"href":"https:\/\/www.ucse.edu.ar\/notiucse\/wp-json\/wp\/v2\/posts\/426\/revisions\/430"}],"wp:featuredmedia":[{"embeddable":true,"href":"https:\/\/www.ucse.edu.ar\/notiucse\/wp-json\/wp\/v2\/media\/429"}],"wp:attachment":[{"href":"https:\/\/www.ucse.edu.ar\/notiucse\/wp-json\/wp\/v2\/media?parent=426"}],"wp:term":[{"taxonomy":"category","embeddable":true,"href":"https:\/\/www.ucse.edu.ar\/notiucse\/wp-json\/wp\/v2\/categories?post=426"},{"taxonomy":"post_tag","embeddable":true,"href":"https:\/\/www.ucse.edu.ar\/notiucse\/wp-json\/wp\/v2\/tags?post=426"}],"curies":[{"name":"wp","href":"https:\/\/api.w.org\/{rel}","templated":true}]}}