{"id":4322,"date":"2019-08-12T19:49:35","date_gmt":"2019-08-12T22:49:35","guid":{"rendered":"http:\/\/www.ucse.edu.ar\/notiucse\/?p=4322"},"modified":"2019-08-12T19:49:35","modified_gmt":"2019-08-12T22:49:35","slug":"capacitacion-sobre-plan-de-emergencia","status":"publish","type":"post","link":"https:\/\/www.ucse.edu.ar\/notiucse\/2019\/08\/12\/capacitacion-sobre-plan-de-emergencia\/","title":{"rendered":"Capacitaci\u00f3n sobre Plan de Emergencia"},"content":{"rendered":"<p class=\"x_MsoNormal\" style=\"text-align: justify;\"><img fetchpriority=\"high\" decoding=\"async\" class=\"aligncenter size-full wp-image-4323\" src=\"http:\/\/www.ucse.edu.ar\/notiucse\/wp-content\/uploads\/2019\/08\/101.jpg\" alt=\"10\" width=\"1001\" height=\"667\" srcset=\"https:\/\/www.ucse.edu.ar\/notiucse\/wp-content\/uploads\/2019\/08\/101.jpg 1001w, https:\/\/www.ucse.edu.ar\/notiucse\/wp-content\/uploads\/2019\/08\/101-300x200.jpg 300w\" sizes=\"(max-width: 1001px) 100vw, 1001px\" \/><\/p>\n<p class=\"x_MsoNormal\" style=\"text-align: justify;\">El mi\u00e9rcoles 7 de agosto, alumnos y docentes del DAR participaron de la capacitaci\u00f3n \u201cPlan de emergencia\u201d con el fin de informar a los actores de la comunidad educativa c\u00f3mo se debe proceder ante una eventual situaci\u00f3n de emergencia y de esta manera lograr mitigar los impactos que dichas circunstancias pudieran generar y salvaguardar la vida y la integridad f\u00edsica de quienes transitan la experiencia.<\/p>\n<p class=\"x_MsoNormal\" style=\"text-align: justify;\">Siendo \u00e9ste el tercer a\u00f1o consecutivo que se realiza la capacitaci\u00f3n, en esta oportunidad participaron especialmente convocados, los alumnos del primer a\u00f1o de todas las carreras que se dictan en el DAR, y los alumnos avanzados que por diferentes situaciones no participaron en las ediciones anteriores.<\/p>\n<p style=\"text-align: justify;\">\n","protected":false},"excerpt":{"rendered":"<p>El mi\u00e9rcoles 7 de agosto, alumnos y docentes del DAR participaron de la capacitaci\u00f3n \u201cPlan de emergencia\u201d con el fin de informar a los actores de la comunidad educativa c\u00f3mo se debe proceder ante una eventual situaci\u00f3n de emergencia y de esta manera lograr mitigar los impactos que dichas circunstancias pudieran generar y salvaguardar la [&hellip;]<\/p>\n","protected":false},"author":1,"featured_media":4323,"comment_status":"closed","ping_status":"closed","sticky":false,"template":"","format":"standard","meta":{"_exactmetrics_skip_tracking":false,"_exactmetrics_sitenote_active":false,"_exactmetrics_sitenote_note":"","_exactmetrics_sitenote_category":0,"footnotes":""},"categories":[20],"tags":[],"_links":{"self":[{"href":"https:\/\/www.ucse.edu.ar\/notiucse\/wp-json\/wp\/v2\/posts\/4322"}],"collection":[{"href":"https:\/\/www.ucse.edu.ar\/notiucse\/wp-json\/wp\/v2\/posts"}],"about":[{"href":"https:\/\/www.ucse.edu.ar\/notiucse\/wp-json\/wp\/v2\/types\/post"}],"author":[{"embeddable":true,"href":"https:\/\/www.ucse.edu.ar\/notiucse\/wp-json\/wp\/v2\/users\/1"}],"replies":[{"embeddable":true,"href":"https:\/\/www.ucse.edu.ar\/notiucse\/wp-json\/wp\/v2\/comments?post=4322"}],"version-history":[{"count":1,"href":"https:\/\/www.ucse.edu.ar\/notiucse\/wp-json\/wp\/v2\/posts\/4322\/revisions"}],"predecessor-version":[{"id":4324,"href":"https:\/\/www.ucse.edu.ar\/notiucse\/wp-json\/wp\/v2\/posts\/4322\/revisions\/4324"}],"wp:featuredmedia":[{"embeddable":true,"href":"https:\/\/www.ucse.edu.ar\/notiucse\/wp-json\/wp\/v2\/media\/4323"}],"wp:attachment":[{"href":"https:\/\/www.ucse.edu.ar\/notiucse\/wp-json\/wp\/v2\/media?parent=4322"}],"wp:term":[{"taxonomy":"category","embeddable":true,"href":"https:\/\/www.ucse.edu.ar\/notiucse\/wp-json\/wp\/v2\/categories?post=4322"},{"taxonomy":"post_tag","embeddable":true,"href":"https:\/\/www.ucse.edu.ar\/notiucse\/wp-json\/wp\/v2\/tags?post=4322"}],"curies":[{"name":"wp","href":"https:\/\/api.w.org\/{rel}","templated":true}]}}