{"id":4411,"date":"2019-08-26T18:27:44","date_gmt":"2019-08-26T21:27:44","guid":{"rendered":"http:\/\/www.ucse.edu.ar\/notiucse\/?p=4411"},"modified":"2019-08-26T18:28:09","modified_gmt":"2019-08-26T21:28:09","slug":"mensaje-de-la-conferencia-episcopal-argentina-2","status":"publish","type":"post","link":"https:\/\/www.ucse.edu.ar\/notiucse\/2019\/08\/26\/mensaje-de-la-conferencia-episcopal-argentina-2\/","title":{"rendered":"Mensaje de la Conferencia Episcopal Argentina"},"content":{"rendered":"<p style=\"text-align: justify;\"><img fetchpriority=\"high\" decoding=\"async\" class=\"aligncenter size-large wp-image-2001\" src=\"http:\/\/www.ucse.edu.ar\/notiucse\/wp-content\/uploads\/2018\/03\/conferencia-episcopal-argentina-logo-1024x683.jpg\" alt=\"conferencia episcopal argentina logo\" width=\"620\" height=\"414\" srcset=\"https:\/\/www.ucse.edu.ar\/notiucse\/wp-content\/uploads\/2018\/03\/conferencia-episcopal-argentina-logo-1024x683.jpg 1024w, https:\/\/www.ucse.edu.ar\/notiucse\/wp-content\/uploads\/2018\/03\/conferencia-episcopal-argentina-logo-300x200.jpg 300w\" sizes=\"(max-width: 620px) 100vw, 620px\" \/><\/p>\n<p style=\"text-align: justify;\">Mensaje de Monse\u00f1or Oscar Ojea ante la situaci\u00f3n en la Amazonia Obispo de San Isidro y Presidente de la Conferencia Episcopal Argentina.<\/p>\n<p style=\"text-align: justify;\">El pr\u00f3ximo 1\u00b0 de septiembre se celebra la Jornada Mundial de Oraci\u00f3n por el Cuidado de la Creaci\u00f3n instituida por nuestro Papa Francisco y nos encontramos justo en este momento ante el desastre del Amazonas y tambi\u00e9n de otros lugares de la tierra, pero el del Amazonas adquiere una importancia ilimitada. El R\u00edo Amazonas aporta el 20% de reservas de agua dulce del mundo y tiene un porcentaje importante del carbono del mundo, por eso es un pulm\u00f3n para la tierra y eso es lo que estamos depredando los seres humanos. Hemos abandonado lo que es el cuidado de la creaci\u00f3n y sea por el extractivismo, sea por la tala indiscriminada de \u00e1rboles, la contaminaci\u00f3n del agua, estamos maltratando a nuestra tierra. Por eso el Papa Francisco fue un profeta al anunciar que r\u00e1pidamente deber\u00edamos ponernos de acuerdo y convocar a los gobiernos, convocar a las autoridades mundiales a que podamos detenernos un poquito y pensar lo que estamos haciendo con el planeta. El calentamiento global adquiere una gravedad inusitada. Se ha provocado estos incendios que han causado terror porque a futuro inmediato ya nos vemos con enormes problemas. El Papa Francisco junto con cient\u00edficos, que adem\u00e1s de cient\u00edficos, son personas sensatas, nos est\u00e1 llamando a detenernos y a pensar que estamos haciendo \u00bfEn qu\u00e9 lugar tenemos que ponernos para escuchar le grito del pobre y el grito de la tierra?, que son un solo grito, pero muchas veces la propaganda y los medios de comunicaci\u00f3n, tantas cosas que ofrece nuestra cultura nos hace mirar para otro lado, decir que estos son problemas que vendr\u00e1n el d\u00eda de ma\u00f1ana, quiz\u00e1 para otras generaciones. En realidad, es un enorme ego\u00edsmo no pensar en las pr\u00f3ximas generaciones; nuestra vida deja de ser fecunda, nuestra vida deja de tener puertos sino pensamos a quien le vamos a dejar lo que nosotros estamos pidiendo y trabajando. Encomendamos entonces al Se\u00f1or este momento tan delicado de la vida nuestro planeta y le pedimos que nos ense\u00f1e a vivir el paradigma del cuidado, del respeto y la protecci\u00f3n de nuestra hermana madre tierra, lo cual implica tambi\u00e9n el cuidado, el respeto y la protecci\u00f3n de cada ser humano habitante de este planeta. Que el Se\u00f1or as\u00ed nos lo conceda.<\/p>\n","protected":false},"excerpt":{"rendered":"<p>Mensaje de Monse\u00f1or Oscar Ojea ante la situaci\u00f3n en la Amazonia Obispo de San Isidro y Presidente de la Conferencia Episcopal Argentina. El pr\u00f3ximo 1\u00b0 de septiembre se celebra la Jornada Mundial de Oraci\u00f3n por el Cuidado de la Creaci\u00f3n instituida por nuestro Papa Francisco y nos encontramos justo en este momento ante el desastre [&hellip;]<\/p>\n","protected":false},"author":1,"featured_media":2001,"comment_status":"closed","ping_status":"closed","sticky":false,"template":"","format":"standard","meta":{"_exactmetrics_skip_tracking":false,"_exactmetrics_sitenote_active":false,"_exactmetrics_sitenote_note":"","_exactmetrics_sitenote_category":0,"footnotes":""},"categories":[73,72],"tags":[],"_links":{"self":[{"href":"https:\/\/www.ucse.edu.ar\/notiucse\/wp-json\/wp\/v2\/posts\/4411"}],"collection":[{"href":"https:\/\/www.ucse.edu.ar\/notiucse\/wp-json\/wp\/v2\/posts"}],"about":[{"href":"https:\/\/www.ucse.edu.ar\/notiucse\/wp-json\/wp\/v2\/types\/post"}],"author":[{"embeddable":true,"href":"https:\/\/www.ucse.edu.ar\/notiucse\/wp-json\/wp\/v2\/users\/1"}],"replies":[{"embeddable":true,"href":"https:\/\/www.ucse.edu.ar\/notiucse\/wp-json\/wp\/v2\/comments?post=4411"}],"version-history":[{"count":1,"href":"https:\/\/www.ucse.edu.ar\/notiucse\/wp-json\/wp\/v2\/posts\/4411\/revisions"}],"predecessor-version":[{"id":4412,"href":"https:\/\/www.ucse.edu.ar\/notiucse\/wp-json\/wp\/v2\/posts\/4411\/revisions\/4412"}],"wp:featuredmedia":[{"embeddable":true,"href":"https:\/\/www.ucse.edu.ar\/notiucse\/wp-json\/wp\/v2\/media\/2001"}],"wp:attachment":[{"href":"https:\/\/www.ucse.edu.ar\/notiucse\/wp-json\/wp\/v2\/media?parent=4411"}],"wp:term":[{"taxonomy":"category","embeddable":true,"href":"https:\/\/www.ucse.edu.ar\/notiucse\/wp-json\/wp\/v2\/categories?post=4411"},{"taxonomy":"post_tag","embeddable":true,"href":"https:\/\/www.ucse.edu.ar\/notiucse\/wp-json\/wp\/v2\/tags?post=4411"}],"curies":[{"name":"wp","href":"https:\/\/api.w.org\/{rel}","templated":true}]}}