{"id":4540,"date":"2019-09-16T18:38:44","date_gmt":"2019-09-16T21:38:44","guid":{"rendered":"http:\/\/www.ucse.edu.ar\/notiucse\/?p=4540"},"modified":"2019-09-16T18:38:44","modified_gmt":"2019-09-16T21:38:44","slug":"actividades-en-el-marco-de-agenda-de-ciencia-tecnologia-e-innovacion","status":"publish","type":"post","link":"https:\/\/www.ucse.edu.ar\/notiucse\/2019\/09\/16\/actividades-en-el-marco-de-agenda-de-ciencia-tecnologia-e-innovacion\/","title":{"rendered":"Actividades en el marco de Agenda de Ciencia, Tecnolog\u00eda, e innovaci\u00f3n"},"content":{"rendered":"<p style=\"text-align: justify;\"><a href=\"http:\/\/www.ucse.edu.ar\/notiucse\/wp-content\/uploads\/2019\/09\/91.jpg\"><img fetchpriority=\"high\" decoding=\"async\" class=\"aligncenter size-full wp-image-4541\" src=\"http:\/\/www.ucse.edu.ar\/notiucse\/wp-content\/uploads\/2019\/09\/91.jpg\" alt=\"9\" width=\"1001\" height=\"667\" srcset=\"https:\/\/www.ucse.edu.ar\/notiucse\/wp-content\/uploads\/2019\/09\/91.jpg 1001w, https:\/\/www.ucse.edu.ar\/notiucse\/wp-content\/uploads\/2019\/09\/91-300x200.jpg 300w\" sizes=\"(max-width: 1001px) 100vw, 1001px\" \/><\/a><\/p>\n<p style=\"text-align: justify;\">Dentro de la programaci\u00f3n de la nutrida Agenda de Ciencia, Tecnolog\u00eda e Innovaci\u00f3n,\u00a0\u00a0en el segmento denominado \u201cdelivery de ciencia\u201d, las alumnas de cuarto a\u00f1o de la Lic. en Psicopedagog\u00eda desarrollaron una actividad con caracter\u00edsticas de recorridos l\u00fadicos, donde en varias estaciones los ni\u00f1os de la Escuela Primaria N\u00b01323 \u201cJos\u00e9 Pedroni\u201d (B\u00b0 2 de abril) pudieron trabajar y dar respuestas innovadoras a diferentes problem\u00e1ticas planteadas. Esta actividad forma parte adem\u00e1s de las Pr\u00e1cticas Profesionales Supervisadas (PPS) con la que cuenta la carrera.<\/p>\n<p style=\"text-align: justify;\">\n","protected":false},"excerpt":{"rendered":"<p>Dentro de la programaci\u00f3n de la nutrida Agenda de Ciencia, Tecnolog\u00eda e Innovaci\u00f3n,\u00a0\u00a0en el segmento denominado \u201cdelivery de ciencia\u201d, las alumnas de cuarto a\u00f1o de la Lic. en Psicopedagog\u00eda desarrollaron una actividad con caracter\u00edsticas de recorridos l\u00fadicos, donde en varias estaciones los ni\u00f1os de la Escuela Primaria N\u00b01323 \u201cJos\u00e9 Pedroni\u201d (B\u00b0 2 de abril) pudieron [&hellip;]<\/p>\n","protected":false},"author":1,"featured_media":4541,"comment_status":"closed","ping_status":"closed","sticky":false,"template":"","format":"standard","meta":{"_exactmetrics_skip_tracking":false,"_exactmetrics_sitenote_active":false,"_exactmetrics_sitenote_note":"","_exactmetrics_sitenote_category":0,"footnotes":""},"categories":[20],"tags":[],"_links":{"self":[{"href":"https:\/\/www.ucse.edu.ar\/notiucse\/wp-json\/wp\/v2\/posts\/4540"}],"collection":[{"href":"https:\/\/www.ucse.edu.ar\/notiucse\/wp-json\/wp\/v2\/posts"}],"about":[{"href":"https:\/\/www.ucse.edu.ar\/notiucse\/wp-json\/wp\/v2\/types\/post"}],"author":[{"embeddable":true,"href":"https:\/\/www.ucse.edu.ar\/notiucse\/wp-json\/wp\/v2\/users\/1"}],"replies":[{"embeddable":true,"href":"https:\/\/www.ucse.edu.ar\/notiucse\/wp-json\/wp\/v2\/comments?post=4540"}],"version-history":[{"count":1,"href":"https:\/\/www.ucse.edu.ar\/notiucse\/wp-json\/wp\/v2\/posts\/4540\/revisions"}],"predecessor-version":[{"id":4542,"href":"https:\/\/www.ucse.edu.ar\/notiucse\/wp-json\/wp\/v2\/posts\/4540\/revisions\/4542"}],"wp:featuredmedia":[{"embeddable":true,"href":"https:\/\/www.ucse.edu.ar\/notiucse\/wp-json\/wp\/v2\/media\/4541"}],"wp:attachment":[{"href":"https:\/\/www.ucse.edu.ar\/notiucse\/wp-json\/wp\/v2\/media?parent=4540"}],"wp:term":[{"taxonomy":"category","embeddable":true,"href":"https:\/\/www.ucse.edu.ar\/notiucse\/wp-json\/wp\/v2\/categories?post=4540"},{"taxonomy":"post_tag","embeddable":true,"href":"https:\/\/www.ucse.edu.ar\/notiucse\/wp-json\/wp\/v2\/tags?post=4540"}],"curies":[{"name":"wp","href":"https:\/\/api.w.org\/{rel}","templated":true}]}}