{"id":4546,"date":"2019-09-16T18:38:13","date_gmt":"2019-09-16T21:38:13","guid":{"rendered":"http:\/\/www.ucse.edu.ar\/notiucse\/?p=4546"},"modified":"2019-09-16T18:38:13","modified_gmt":"2019-09-16T21:38:13","slug":"la-ucse-otorgara-el-titulo-doctor-honoris-causa-al-profesor-robert-alexy","status":"publish","type":"post","link":"https:\/\/www.ucse.edu.ar\/notiucse\/2019\/09\/16\/la-ucse-otorgara-el-titulo-doctor-honoris-causa-al-profesor-robert-alexy\/","title":{"rendered":"La UCSE otorgar\u00e1 el titulo Doctor Honoris Causa al Profesor Robert Alexy"},"content":{"rendered":"<p style=\"text-align: justify;\"><a href=\"http:\/\/www.ucse.edu.ar\/notiucse\/wp-content\/uploads\/2019\/09\/111.jpg\"><img fetchpriority=\"high\" decoding=\"async\" class=\"aligncenter size-full wp-image-4547\" src=\"http:\/\/www.ucse.edu.ar\/notiucse\/wp-content\/uploads\/2019\/09\/111.jpg\" alt=\"11\" width=\"1001\" height=\"667\" srcset=\"https:\/\/www.ucse.edu.ar\/notiucse\/wp-content\/uploads\/2019\/09\/111.jpg 1001w, https:\/\/www.ucse.edu.ar\/notiucse\/wp-content\/uploads\/2019\/09\/111-300x200.jpg 300w\" sizes=\"(max-width: 1001px) 100vw, 1001px\" \/><\/a><\/p>\n<p style=\"text-align: justify;\">La Universidad Cat\u00f3lica de Santiago del Estero otorgar\u00e1 el t\u00edtulo honor\u00edfico de \u201cDoctor Honoris Causa\u201d al Profesor Dr. Robert Alexy, el pr\u00f3ximo mi\u00e9rcoles 18, a las 19 horas,\u00a0 en el Sal\u00f3n Auditorio. En la ocasi\u00f3n el profesional dictar\u00e1 la conferencia \u201cLa doble naturaleza del Derecho\u201d.<\/p>\n<p style=\"text-align: justify;\">Mediante resoluci\u00f3n del Consejo Superior de la UCSE se decidi\u00f3 entregar la distinci\u00f3n por tratarse de uno de los te\u00f3ricos del Derecho m\u00e1s importantes a nivel mundial de las \u00faltimas d\u00e9cadas. Su obra ejerci\u00f3- y ejerce- una marcada influencia tanto en la esfera de la Teor\u00eda General como en la de la Filosof\u00eda del Derecho del mundo latino, tanto europeo como americano, e incluso de otros modelos y sistemas jur\u00eddicos culturales diferentes.<\/p>\n<p style=\"text-align: justify;\">En la actualidad resulta indiscutido que la formula alexiana de ponderaci\u00f3n de principios es de uso corriente en los tribunales judiciales del mundo, por lo que su influencia no se reduce al \u00e1mbito universitario sino que se ha extendido a toda la pr\u00e1ctica del Derecho en general. El Prof. Robert Alexy es el te\u00f3rico del Derecho m\u00e1s citado por los Tribunales Constitucionales del mundo en sus sentencias.<\/p>\n<p style=\"text-align: justify;\">Robert Alexy naci\u00f3 el 9 de septiembre de 1945 en Oldenburg (Alemania). Es en la actualidad Catedr\u00e1tico de Derecho P\u00fablico y de Filosof\u00eda del Derecho de la Universidad Christian-Albrechts de Kiel, donde ha ejercido la docencia y la investigaci\u00f3n desde 1986. En el a\u00f1o 2014 fue designado catedr\u00e1tico em\u00e9rito.<\/p>\n<p style=\"text-align: justify;\">En el a\u00f1o 1976 realiz\u00f3 el Doctorado en Derecho con una tesis sobre \u201cTeor\u00eda de la Argumentaci\u00f3n Jur\u00eddica\u201d. Dicha tesis doctoral recibi\u00f3 el premio de la Academia de Filolog\u00eda Hist\u00f3rica de la Academia de Ciencias de G\u00f6ttingen. Esta primera obra, publicada en 1978, ha sido traducida al ingl\u00e9s, espa\u00f1ol, italiano, portugu\u00e9s, chino, lituano, coreano y croata.<\/p>\n<p style=\"text-align: justify;\">Durante el per\u00edodo comprendido entre 1994 y 1998 fue Presidente de la Secci\u00f3n Alemana de la Sociedad Internacional de Filosof\u00eda Jur\u00eddica y Social (IVR) y desde 2002 es miembro de la Academia de las Ciencias de Gottinga.<\/p>\n<p style=\"text-align: justify;\">\u00a0En 2010 recibi\u00f3 la Cruz del M\u00e9rito de la primera clase de la Orden del M\u00e9rito de la Rep\u00fablica Federal de Alemania y en 2013 el Premio de la Ciencia de la ciudad de Kiel.<\/p>\n<p style=\"text-align: justify;\">Ha disertado en prestigiosas universidades de Europa y Am\u00e9rica.<\/p>\n<p style=\"text-align: justify;\">Entre sus obras, traducidas a m\u00faltiples idiomas, cabe destacar: \u201cTeor\u00eda de la argumentaci\u00f3n jur\u00eddica\u201d, \u201cTeor\u00eda de los Derechos fundamentales\u201d y \u201cEl concepto y la validez del Derecho\u201d.<\/p>\n","protected":false},"excerpt":{"rendered":"<p>La Universidad Cat\u00f3lica de Santiago del Estero otorgar\u00e1 el t\u00edtulo honor\u00edfico de \u201cDoctor Honoris Causa\u201d al Profesor Dr. Robert Alexy, el pr\u00f3ximo mi\u00e9rcoles 18, a las 19 horas,\u00a0 en el Sal\u00f3n Auditorio. En la ocasi\u00f3n el profesional dictar\u00e1 la conferencia \u201cLa doble naturaleza del Derecho\u201d. Mediante resoluci\u00f3n del Consejo Superior de la UCSE se decidi\u00f3 [&hellip;]<\/p>\n","protected":false},"author":1,"featured_media":4547,"comment_status":"closed","ping_status":"closed","sticky":false,"template":"","format":"standard","meta":{"_exactmetrics_skip_tracking":false,"_exactmetrics_sitenote_active":false,"_exactmetrics_sitenote_note":"","_exactmetrics_sitenote_category":0,"footnotes":""},"categories":[73,72],"tags":[],"_links":{"self":[{"href":"https:\/\/www.ucse.edu.ar\/notiucse\/wp-json\/wp\/v2\/posts\/4546"}],"collection":[{"href":"https:\/\/www.ucse.edu.ar\/notiucse\/wp-json\/wp\/v2\/posts"}],"about":[{"href":"https:\/\/www.ucse.edu.ar\/notiucse\/wp-json\/wp\/v2\/types\/post"}],"author":[{"embeddable":true,"href":"https:\/\/www.ucse.edu.ar\/notiucse\/wp-json\/wp\/v2\/users\/1"}],"replies":[{"embeddable":true,"href":"https:\/\/www.ucse.edu.ar\/notiucse\/wp-json\/wp\/v2\/comments?post=4546"}],"version-history":[{"count":1,"href":"https:\/\/www.ucse.edu.ar\/notiucse\/wp-json\/wp\/v2\/posts\/4546\/revisions"}],"predecessor-version":[{"id":4548,"href":"https:\/\/www.ucse.edu.ar\/notiucse\/wp-json\/wp\/v2\/posts\/4546\/revisions\/4548"}],"wp:featuredmedia":[{"embeddable":true,"href":"https:\/\/www.ucse.edu.ar\/notiucse\/wp-json\/wp\/v2\/media\/4547"}],"wp:attachment":[{"href":"https:\/\/www.ucse.edu.ar\/notiucse\/wp-json\/wp\/v2\/media?parent=4546"}],"wp:term":[{"taxonomy":"category","embeddable":true,"href":"https:\/\/www.ucse.edu.ar\/notiucse\/wp-json\/wp\/v2\/categories?post=4546"},{"taxonomy":"post_tag","embeddable":true,"href":"https:\/\/www.ucse.edu.ar\/notiucse\/wp-json\/wp\/v2\/tags?post=4546"}],"curies":[{"name":"wp","href":"https:\/\/api.w.org\/{rel}","templated":true}]}}