{"id":4556,"date":"2019-09-24T12:17:17","date_gmt":"2019-09-24T15:17:17","guid":{"rendered":"http:\/\/www.ucse.edu.ar\/notiucse\/?p=4556"},"modified":"2019-09-24T12:17:17","modified_gmt":"2019-09-24T15:17:17","slug":"la-ucse-firma-convenio-de-cooperacion-con-municipalidad-de-tucuman","status":"publish","type":"post","link":"https:\/\/www.ucse.edu.ar\/notiucse\/2019\/09\/24\/la-ucse-firma-convenio-de-cooperacion-con-municipalidad-de-tucuman\/","title":{"rendered":"La UCSE firma convenio de cooperaci\u00f3n con Municipalidad de Tucum\u00e1n"},"content":{"rendered":"<p style=\"text-align: justify;\"><img fetchpriority=\"high\" decoding=\"async\" class=\"aligncenter size-full wp-image-4557\" src=\"http:\/\/www.ucse.edu.ar\/notiucse\/wp-content\/uploads\/2019\/09\/16.jpg\" alt=\"1\" width=\"1001\" height=\"667\" srcset=\"https:\/\/www.ucse.edu.ar\/notiucse\/wp-content\/uploads\/2019\/09\/16.jpg 1001w, https:\/\/www.ucse.edu.ar\/notiucse\/wp-content\/uploads\/2019\/09\/16-300x200.jpg 300w\" sizes=\"(max-width: 1001px) 100vw, 1001px\" \/><\/p>\n<p style=\"text-align: justify;\">El martes 17 de septiembre, se realiz\u00f3 una firma de convenio de cooperaci\u00f3n entre la Universidad Cat\u00f3lica de Santiago del Estero y la Municipalidad de San Miguel de Tucum\u00e1n.\u00a0\u00a0A trav\u00e9s de esta, los alumnos de los \u00faltimos a\u00f1os de las carreras de Educaci\u00f3n F\u00edsica y Deporte, Nutrici\u00f3n y Fonoaudiolog\u00eda, pertenecientes a la Facultad de Ciencias de la Salud, podr\u00e1n realizar sus pr\u00e1cticas acad\u00e9micas en conjunto con profesionales de dicha municipalidad.<\/p>\n<p style=\"text-align: justify;\">Estuvieron presentes el Sr. Rector Ing. Luis Eugenio Lucena; la Decana de la Facultad de Ciencias de la Salud, Lic. Mar\u00eda Rosa Barbar\u00e1n; el Intendente de San miguel de Tucum\u00e1n, Germ\u00e1n Alfaro; el secretario de Desarrollo Social y Cultural, Oscar Velasco Imbaud; la directora de Deportes, Ana Gonz\u00e1lez y el concejal, Rodolfo \u00c1vila.<\/p>\n<p style=\"text-align: justify;\">El rector de la UCSE dijo el objetivo es que este programa se aplique primero con alumnos de las Facultades de Ciencias de la Salud, especialmente de las carreras de Educaci\u00f3n F\u00edsica y Deporte, para despu\u00e9s sumar a los que estudian Nutrici\u00f3n y Fonoaudiolog\u00eda. \u201cCalculamos que a mitad del pr\u00f3ximo a\u00f1o vamos a tener los primeros egresados\u201d, concluy\u00f3 Lucena.<\/p>\n","protected":false},"excerpt":{"rendered":"<p>El martes 17 de septiembre, se realiz\u00f3 una firma de convenio de cooperaci\u00f3n entre la Universidad Cat\u00f3lica de Santiago del Estero y la Municipalidad de San Miguel de Tucum\u00e1n.\u00a0\u00a0A trav\u00e9s de esta, los alumnos de los \u00faltimos a\u00f1os de las carreras de Educaci\u00f3n F\u00edsica y Deporte, Nutrici\u00f3n y Fonoaudiolog\u00eda, pertenecientes a la Facultad de Ciencias [&hellip;]<\/p>\n","protected":false},"author":1,"featured_media":4557,"comment_status":"closed","ping_status":"closed","sticky":false,"template":"","format":"standard","meta":{"_exactmetrics_skip_tracking":false,"_exactmetrics_sitenote_active":false,"_exactmetrics_sitenote_note":"","_exactmetrics_sitenote_category":0,"footnotes":""},"categories":[73,72],"tags":[],"_links":{"self":[{"href":"https:\/\/www.ucse.edu.ar\/notiucse\/wp-json\/wp\/v2\/posts\/4556"}],"collection":[{"href":"https:\/\/www.ucse.edu.ar\/notiucse\/wp-json\/wp\/v2\/posts"}],"about":[{"href":"https:\/\/www.ucse.edu.ar\/notiucse\/wp-json\/wp\/v2\/types\/post"}],"author":[{"embeddable":true,"href":"https:\/\/www.ucse.edu.ar\/notiucse\/wp-json\/wp\/v2\/users\/1"}],"replies":[{"embeddable":true,"href":"https:\/\/www.ucse.edu.ar\/notiucse\/wp-json\/wp\/v2\/comments?post=4556"}],"version-history":[{"count":1,"href":"https:\/\/www.ucse.edu.ar\/notiucse\/wp-json\/wp\/v2\/posts\/4556\/revisions"}],"predecessor-version":[{"id":4558,"href":"https:\/\/www.ucse.edu.ar\/notiucse\/wp-json\/wp\/v2\/posts\/4556\/revisions\/4558"}],"wp:featuredmedia":[{"embeddable":true,"href":"https:\/\/www.ucse.edu.ar\/notiucse\/wp-json\/wp\/v2\/media\/4557"}],"wp:attachment":[{"href":"https:\/\/www.ucse.edu.ar\/notiucse\/wp-json\/wp\/v2\/media?parent=4556"}],"wp:term":[{"taxonomy":"category","embeddable":true,"href":"https:\/\/www.ucse.edu.ar\/notiucse\/wp-json\/wp\/v2\/categories?post=4556"},{"taxonomy":"post_tag","embeddable":true,"href":"https:\/\/www.ucse.edu.ar\/notiucse\/wp-json\/wp\/v2\/tags?post=4556"}],"curies":[{"name":"wp","href":"https:\/\/api.w.org\/{rel}","templated":true}]}}