{"id":4599,"date":"2019-09-24T12:17:39","date_gmt":"2019-09-24T15:17:39","guid":{"rendered":"http:\/\/www.ucse.edu.ar\/notiucse\/?p=4599"},"modified":"2019-09-24T12:17:36","modified_gmt":"2019-09-24T15:17:36","slug":"se-lanzo-el-i-encuentro-provincial-de-egresados-universitarios","status":"publish","type":"post","link":"https:\/\/www.ucse.edu.ar\/notiucse\/2019\/09\/24\/se-lanzo-el-i-encuentro-provincial-de-egresados-universitarios\/","title":{"rendered":"Se lanz\u00f3 el I Encuentro Provincial de Egresados Universitarios"},"content":{"rendered":"<p style=\"text-align: justify;\"><a href=\"http:\/\/www.ucse.edu.ar\/notiucse\/wp-content\/uploads\/2019\/09\/151.jpg\"><img fetchpriority=\"high\" decoding=\"async\" class=\"aligncenter size-full wp-image-4612\" src=\"http:\/\/www.ucse.edu.ar\/notiucse\/wp-content\/uploads\/2019\/09\/151.jpg\" alt=\"15\" width=\"1001\" height=\"667\" srcset=\"https:\/\/www.ucse.edu.ar\/notiucse\/wp-content\/uploads\/2019\/09\/151.jpg 1001w, https:\/\/www.ucse.edu.ar\/notiucse\/wp-content\/uploads\/2019\/09\/151-300x200.jpg 300w\" sizes=\"(max-width: 1001px) 100vw, 1001px\" \/><\/a><\/p>\n<p style=\"text-align: justify;\">El pr\u00f3ximo mi\u00e9rcoles 25 se realizar\u00e1 el I Encuentro Provincial de Egresados Universitarios en el Centro de Convenciones FORUM. En conferencia de prensa, el rector de la UCSE, Ing. Luis Lucena; rector de la UNSE, Ing. H\u00e9ctor Rub\u00e9n Paz; Lic. Cristian Navarro, organizador del encuentro y los referentes de las entidades profesionales que nuclean a los egresados universitarios, invitaron a todos los profesionales a participar de dicha jornada.<\/p>\n<p style=\"text-align: justify;\">El Ing. Lucena explic\u00f3 que el encuentro pretende ser un espacio de creatividad, de dialogo y acci\u00f3n. \u201cEspecialmente queremos que sea de dialogo, porque pretendemos que en este espacio podamos conocernos y reconocernos los graduados, tanto los que est\u00e1n de forma agrupado como lo que no est\u00e1n\u201d coment\u00f3, y agreg\u00f3 que esta oportunidad es una primera etapa para \u201cponernos en acci\u00f3n\u201d, con el objetivo de que este proceso vaya aglutinando y acercando a profesionales de Santiago del Estero que no est\u00e9n formalmente agrupados.<\/p>\n<p style=\"text-align: justify;\">Asimismo, agreg\u00f3 que juntos con el gobierno, universidades, colegios y consejos profesionales, se pretende \u201ctrabajar sobre las metas del bicentenario\u201d. \u201cQueremos producir acci\u00f3n en relaci\u00f3n a esas propuestas. Queremos encontrarnos en un dialogo social que nos permita reconocer y saber que podemos aportar desde cada uno de nosotros\u201d, concluy\u00f3 Lucena.<\/p>\n<p style=\"text-align: justify;\">Por su parte, el rector de las UNSE, Ing. Paz, coment\u00f3 que este encuentro \u201ces un espacio donde se va a poder compartir entre los profesionales egresados universitarios nuestras expectativas en cuanto a lo que es la inserci\u00f3n en el mundo del trabajo y el desarrollo de nuestra sociedad\u201d.<\/p>\n<p style=\"text-align: justify;\">El I Encuentro Provincial de Egresados Universitarios se organiza en 3 ejes. En el primero se abordar\u00e1n las metas del Bicentenario de la Autonom\u00eda provincial, Objetivos de Desarrollo Sostenible 2030. El rol profesional y su incidencia; en el segundo eje se conocer\u00e1 sobre los alcances de t\u00edtulos. Resoluci\u00f3n Ministerial 1254\/2018, la realidad Laboral. El \u00faltimo eje ser\u00e1 una Mesa Panel integrada por FEPUSE, ISSPSE, UNSE y UCSE.<\/p>\n<p style=\"text-align: justify;\">Durante el Encuentro se realizar\u00e1 la entrega de distinciones por parte de las distintas entidades a profesionales destacados del a\u00f1o.<\/p>\n","protected":false},"excerpt":{"rendered":"<p>El pr\u00f3ximo mi\u00e9rcoles 25 se realizar\u00e1 el I Encuentro Provincial de Egresados Universitarios en el Centro de Convenciones FORUM. En conferencia de prensa, el rector de la UCSE, Ing. Luis Lucena; rector de la UNSE, Ing. H\u00e9ctor Rub\u00e9n Paz; Lic. Cristian Navarro, organizador del encuentro y los referentes de las entidades profesionales que nuclean a [&hellip;]<\/p>\n","protected":false},"author":1,"featured_media":4612,"comment_status":"closed","ping_status":"closed","sticky":false,"template":"","format":"standard","meta":{"_exactmetrics_skip_tracking":false,"_exactmetrics_sitenote_active":false,"_exactmetrics_sitenote_note":"","_exactmetrics_sitenote_category":0,"footnotes":""},"categories":[73,72],"tags":[],"_links":{"self":[{"href":"https:\/\/www.ucse.edu.ar\/notiucse\/wp-json\/wp\/v2\/posts\/4599"}],"collection":[{"href":"https:\/\/www.ucse.edu.ar\/notiucse\/wp-json\/wp\/v2\/posts"}],"about":[{"href":"https:\/\/www.ucse.edu.ar\/notiucse\/wp-json\/wp\/v2\/types\/post"}],"author":[{"embeddable":true,"href":"https:\/\/www.ucse.edu.ar\/notiucse\/wp-json\/wp\/v2\/users\/1"}],"replies":[{"embeddable":true,"href":"https:\/\/www.ucse.edu.ar\/notiucse\/wp-json\/wp\/v2\/comments?post=4599"}],"version-history":[{"count":2,"href":"https:\/\/www.ucse.edu.ar\/notiucse\/wp-json\/wp\/v2\/posts\/4599\/revisions"}],"predecessor-version":[{"id":4613,"href":"https:\/\/www.ucse.edu.ar\/notiucse\/wp-json\/wp\/v2\/posts\/4599\/revisions\/4613"}],"wp:featuredmedia":[{"embeddable":true,"href":"https:\/\/www.ucse.edu.ar\/notiucse\/wp-json\/wp\/v2\/media\/4612"}],"wp:attachment":[{"href":"https:\/\/www.ucse.edu.ar\/notiucse\/wp-json\/wp\/v2\/media?parent=4599"}],"wp:term":[{"taxonomy":"category","embeddable":true,"href":"https:\/\/www.ucse.edu.ar\/notiucse\/wp-json\/wp\/v2\/categories?post=4599"},{"taxonomy":"post_tag","embeddable":true,"href":"https:\/\/www.ucse.edu.ar\/notiucse\/wp-json\/wp\/v2\/tags?post=4599"}],"curies":[{"name":"wp","href":"https:\/\/api.w.org\/{rel}","templated":true}]}}