{"id":473,"date":"2013-12-11T05:00:57","date_gmt":"2013-12-11T05:00:57","guid":{"rendered":"http:\/\/www.ucse.edu.ar\/notiucse\/?p=473"},"modified":"2013-12-11T14:58:29","modified_gmt":"2013-12-11T14:58:29","slug":"resultados-de-la-7-convocatoria-a-redes-internacionales","status":"publish","type":"post","link":"https:\/\/www.ucse.edu.ar\/notiucse\/2013\/12\/11\/resultados-de-la-7-convocatoria-a-redes-internacionales\/","title":{"rendered":"Resultados de la 7\u00b0 Convocatoria a Redes Internacionales."},"content":{"rendered":"<p><a href=\"http:\/\/www.ucse.edu.ar\/notiucse\/wp-content\/uploads\/2013\/12\/REDES-7-FLYER-RESULTADOS_ok-468x364.jpg\"><img fetchpriority=\"high\" decoding=\"async\" class=\"aligncenter size-full wp-image-474\" alt=\"REDES-7-FLYER-RESULTADOS_ok-468x364\" src=\"http:\/\/www.ucse.edu.ar\/notiucse\/wp-content\/uploads\/2013\/12\/REDES-7-FLYER-RESULTADOS_ok-468x364.jpg\" width=\"468\" height=\"364\" srcset=\"https:\/\/www.ucse.edu.ar\/notiucse\/wp-content\/uploads\/2013\/12\/REDES-7-FLYER-RESULTADOS_ok-468x364.jpg 468w, https:\/\/www.ucse.edu.ar\/notiucse\/wp-content\/uploads\/2013\/12\/REDES-7-FLYER-RESULTADOS_ok-468x364-300x233.jpg 300w\" sizes=\"(max-width: 468px) 100vw, 468px\" \/><\/a><\/p>\n<p>La Subsecretar\u00eda de Pol\u00edticas Universitarias anuncia los resultados de la 7\u00ba convocatoria a Proyectos de REDES internacionales. Se trata de una herramienta que permite construir y consolidar asociaciones entre Universidades de nuestro pa\u00eds con instituciones de otros pa\u00edses del mundo.<\/p>\n<p>Estos v\u00ednculos tienen por objetivo el desarrollo de investigaciones, seminarios, movilidades de estudiantes, docentes, investigadores y cient\u00edficos en general.<\/p>\n<p>Entre otras propuestas, se financiar\u00e1n proyectos para el desarrollo acad\u00e9mico de la red universitaria de promoci\u00f3n de posgrados en Asia, en la que interviene la Facultad Latinoamericana de Ciencias Sociales (FLACSO) con la Universidad de Mumbai; de la red interuniversitaria de estudio sobre pol\u00edticas p\u00fablicas y seguridad democr\u00e1tica, en la que intervienen la Universidad Nacional Arturo Jauretche, Universidad Nacional de Lan\u00fas en articulaci\u00f3n con la Universidad Aut\u00f3noma de M\u00e9xico. Asimismo, se financiar\u00e1n proyectos de estrategias de desarrollo del doctorado binacional con Brasil en Ciencia, Tecnolog\u00eda e Innovaci\u00f3n agropecuaria, con la participaci\u00f3n de las Universidades Nacionales de C\u00f3rdoba y R\u00edo Cuarto, en cooperaci\u00f3n con la Universidad Federal Rural de Rio de Janeiro.<\/p>\n<p>Otros de los proyectos financiados son los de modelos log\u00edsticos y el uso del transporte multimodal, con el trabajo de la Universidad Nacional del Sur y la Universidad Tecnol\u00f3gica de Pereira, Universidad Cat\u00f3lica de la Sant\u00edsima Concepci\u00f3n, Universidad de las Palmas de Gran Canaria; adem\u00e1s de propuestas para la red de investigadores en biotecnolog\u00eda aplicada al procesamiento de minerales, con la participaci\u00f3n de las Universidades Nacionales de Catamarca y San Luis, en articulaci\u00f3n con la Universidad de Chile. En tanto, el proyecto de producci\u00f3n de hidr\u00f3geno a partir de efluentes y residuos agroindustriales, tendr\u00e1 como referentes a la UTN &#8211; Facultad Regional Bah\u00eda Blanca y la UTN &#8211; Unidad Acad\u00e9mica Trenque Lauquen, con la Universidad de la Habana.<\/p>\n<p>Esta iniciativa de la Subsecretar\u00eda de Pol\u00edticas Universitarias del Ministerio de Educaci\u00f3n de la Naci\u00f3n cont\u00f3 con la participaci\u00f3n de 40 Universidades Nacionales, 1 Universidad Provincial, 1 Instituto universitario y 15 universidades de gesti\u00f3n privada. Se financiar\u00e1n 150 proyectos, con una inversi\u00f3n total de 5.911.215 pesos.<\/p>\n<p><strong>Resultados de la convocatoria:<\/strong>\u00a0http:\/\/goo.gl\/b0UJRg<\/p>\n<p>Fuente:\u00a0<a href=\"http:\/\/web.siu.edu.ar\/diario_virtual\/1.0\/aplicacion.php?ah=st529c05c39c717&amp;ai=diario_virtual||14000027&amp;cod_noticia=409&amp;cod_tipo_boletin=9\">http:\/\/web.siu.edu.ar\/diario_virtual\/1.0\/aplicacion.php?ah=st529c05c39c717&amp;ai=diario_virtual||14000027&amp;cod_noticia=409&amp;cod_tipo_boletin=9<\/a><\/p>\n<p>&nbsp;<\/p>\n","protected":false},"excerpt":{"rendered":"<p>La Subsecretar\u00eda de Pol\u00edticas Universitarias anuncia los resultados de la 7\u00ba convocatoria a Proyectos de REDES internacionales. Se trata de una herramienta que permite construir y consolidar asociaciones entre Universidades de nuestro pa\u00eds con instituciones de otros pa\u00edses del mundo. Estos v\u00ednculos tienen por objetivo el desarrollo de investigaciones, seminarios, movilidades de estudiantes, docentes, investigadores [&hellip;]<\/p>\n","protected":false},"author":1,"featured_media":474,"comment_status":"closed","ping_status":"closed","sticky":false,"template":"","format":"standard","meta":{"_exactmetrics_skip_tracking":false,"_exactmetrics_sitenote_active":false,"_exactmetrics_sitenote_note":"","_exactmetrics_sitenote_category":0,"footnotes":""},"categories":[1],"tags":[41],"_links":{"self":[{"href":"https:\/\/www.ucse.edu.ar\/notiucse\/wp-json\/wp\/v2\/posts\/473"}],"collection":[{"href":"https:\/\/www.ucse.edu.ar\/notiucse\/wp-json\/wp\/v2\/posts"}],"about":[{"href":"https:\/\/www.ucse.edu.ar\/notiucse\/wp-json\/wp\/v2\/types\/post"}],"author":[{"embeddable":true,"href":"https:\/\/www.ucse.edu.ar\/notiucse\/wp-json\/wp\/v2\/users\/1"}],"replies":[{"embeddable":true,"href":"https:\/\/www.ucse.edu.ar\/notiucse\/wp-json\/wp\/v2\/comments?post=473"}],"version-history":[{"count":1,"href":"https:\/\/www.ucse.edu.ar\/notiucse\/wp-json\/wp\/v2\/posts\/473\/revisions"}],"predecessor-version":[{"id":475,"href":"https:\/\/www.ucse.edu.ar\/notiucse\/wp-json\/wp\/v2\/posts\/473\/revisions\/475"}],"wp:featuredmedia":[{"embeddable":true,"href":"https:\/\/www.ucse.edu.ar\/notiucse\/wp-json\/wp\/v2\/media\/474"}],"wp:attachment":[{"href":"https:\/\/www.ucse.edu.ar\/notiucse\/wp-json\/wp\/v2\/media?parent=473"}],"wp:term":[{"taxonomy":"category","embeddable":true,"href":"https:\/\/www.ucse.edu.ar\/notiucse\/wp-json\/wp\/v2\/categories?post=473"},{"taxonomy":"post_tag","embeddable":true,"href":"https:\/\/www.ucse.edu.ar\/notiucse\/wp-json\/wp\/v2\/tags?post=473"}],"curies":[{"name":"wp","href":"https:\/\/api.w.org\/{rel}","templated":true}]}}