{"id":4754,"date":"2019-10-15T09:13:13","date_gmt":"2019-10-15T12:13:13","guid":{"rendered":"http:\/\/www.ucse.edu.ar\/notiucse\/?p=4754"},"modified":"2019-10-15T09:13:24","modified_gmt":"2019-10-15T12:13:24","slug":"participacion-en-la-reunion-del-cpres-centro","status":"publish","type":"post","link":"https:\/\/www.ucse.edu.ar\/notiucse\/2019\/10\/15\/participacion-en-la-reunion-del-cpres-centro\/","title":{"rendered":"Participaci\u00f3n en la reuni\u00f3n del CPRES-Centro"},"content":{"rendered":"<p style=\"text-align: justify;\"><a href=\"http:\/\/www.ucse.edu.ar\/notiucse\/wp-content\/uploads\/2019\/10\/51.jpg\"><img fetchpriority=\"high\" decoding=\"async\" class=\"aligncenter size-full wp-image-4755\" src=\"http:\/\/www.ucse.edu.ar\/notiucse\/wp-content\/uploads\/2019\/10\/51.jpg\" alt=\"5\" width=\"1001\" height=\"667\" srcset=\"https:\/\/www.ucse.edu.ar\/notiucse\/wp-content\/uploads\/2019\/10\/51.jpg 1001w, https:\/\/www.ucse.edu.ar\/notiucse\/wp-content\/uploads\/2019\/10\/51-300x200.jpg 300w\" sizes=\"(max-width: 1001px) 100vw, 1001px\" \/><\/a><\/p>\n<p style=\"text-align: justify;\">El martes 17 de septiembre, Edgardo Allochis, en su car\u00e1cter de Director de la UCSE-DAR, asisti\u00f3 a la reuni\u00f3n de CPRES-Centro llevada a cabo en la Sede Central de la Universidad Cat\u00f3lica de Santa Fe. La jornada de trabajo comenz\u00f3 con una apertura a cargo de la Secretaria Ejecutiva de los CPRES Mg. Mar\u00eda Gabriela Siufi, dependiente de la Secretar\u00eda de Pol\u00edticas Universitarias, quien present\u00f3 una propuesta de actualizaci\u00f3n, ampliaci\u00f3n y diversificaci\u00f3n de la publicaci\u00f3n denominada \u201c\u00c1reas de Vacancia\u201d. Tambi\u00e9n efectu\u00f3 un informe sobre la marcha del Programa Logros, en sus dos l\u00edneas de trabajo: Ense\u00f1anza de la Matem\u00e1tica y Escritura Profesional y Acad\u00e9mica. Cabe se\u00f1alar que la UCSE, como integrante del Consejo Universitario de Rafaela, particip\u00f3 de este programa, a trav\u00e9s de una propuesta presentada por la UNRaf.\u00a0 Luego de un cuarto intermedio en el que se procedi\u00f3 a la elecci\u00f3n de nuevos coordinadores del CPRES Centro (como titular fue elegido el Rector de la UNER), se llevaron a cabo dos talleres, uno sobre \u201cRecomendaciones generales para el dise\u00f1o, seguimiento y evaluaci\u00f3n de proyectos. Aspectos normativos, t\u00e9cnicos y financieros basados en la experiencia del Programa Logros\u201d, a cargo del equipo t\u00e9cnico de la Secretar\u00eda Ejecutiva de los CPRES y otro sobre \u201cRendiciones de proyectos de universidades\u201d, a cargo del equipo t\u00e9cnico de Centralizaci\u00f3n de Cuentas de la Direcci\u00f3n Nacional de Presupuesto e Informaci\u00f3n Universitaria de la SPU.\u00a0\u00a0Todo finaliz\u00f3 con un plenario de conclusiones.<\/p>\n","protected":false},"excerpt":{"rendered":"<p>El martes 17 de septiembre, Edgardo Allochis, en su car\u00e1cter de Director de la UCSE-DAR, asisti\u00f3 a la reuni\u00f3n de CPRES-Centro llevada a cabo en la Sede Central de la Universidad Cat\u00f3lica de Santa Fe. La jornada de trabajo comenz\u00f3 con una apertura a cargo de la Secretaria Ejecutiva de los CPRES Mg. Mar\u00eda Gabriela [&hellip;]<\/p>\n","protected":false},"author":1,"featured_media":4755,"comment_status":"closed","ping_status":"closed","sticky":false,"template":"","format":"standard","meta":{"_exactmetrics_skip_tracking":false,"_exactmetrics_sitenote_active":false,"_exactmetrics_sitenote_note":"","_exactmetrics_sitenote_category":0,"footnotes":""},"categories":[20],"tags":[],"_links":{"self":[{"href":"https:\/\/www.ucse.edu.ar\/notiucse\/wp-json\/wp\/v2\/posts\/4754"}],"collection":[{"href":"https:\/\/www.ucse.edu.ar\/notiucse\/wp-json\/wp\/v2\/posts"}],"about":[{"href":"https:\/\/www.ucse.edu.ar\/notiucse\/wp-json\/wp\/v2\/types\/post"}],"author":[{"embeddable":true,"href":"https:\/\/www.ucse.edu.ar\/notiucse\/wp-json\/wp\/v2\/users\/1"}],"replies":[{"embeddable":true,"href":"https:\/\/www.ucse.edu.ar\/notiucse\/wp-json\/wp\/v2\/comments?post=4754"}],"version-history":[{"count":1,"href":"https:\/\/www.ucse.edu.ar\/notiucse\/wp-json\/wp\/v2\/posts\/4754\/revisions"}],"predecessor-version":[{"id":4756,"href":"https:\/\/www.ucse.edu.ar\/notiucse\/wp-json\/wp\/v2\/posts\/4754\/revisions\/4756"}],"wp:featuredmedia":[{"embeddable":true,"href":"https:\/\/www.ucse.edu.ar\/notiucse\/wp-json\/wp\/v2\/media\/4755"}],"wp:attachment":[{"href":"https:\/\/www.ucse.edu.ar\/notiucse\/wp-json\/wp\/v2\/media?parent=4754"}],"wp:term":[{"taxonomy":"category","embeddable":true,"href":"https:\/\/www.ucse.edu.ar\/notiucse\/wp-json\/wp\/v2\/categories?post=4754"},{"taxonomy":"post_tag","embeddable":true,"href":"https:\/\/www.ucse.edu.ar\/notiucse\/wp-json\/wp\/v2\/tags?post=4754"}],"curies":[{"name":"wp","href":"https:\/\/api.w.org\/{rel}","templated":true}]}}