{"id":4757,"date":"2019-10-15T09:14:22","date_gmt":"2019-10-15T12:14:22","guid":{"rendered":"http:\/\/www.ucse.edu.ar\/notiucse\/?p=4757"},"modified":"2019-10-15T09:14:24","modified_gmt":"2019-10-15T12:14:24","slug":"congreso-de-derecho-procesal-penal-de-la-provincia-de-santa-fe","status":"publish","type":"post","link":"https:\/\/www.ucse.edu.ar\/notiucse\/2019\/10\/15\/congreso-de-derecho-procesal-penal-de-la-provincia-de-santa-fe\/","title":{"rendered":"Congreso de Derecho Procesal Penal de la provincia de Santa Fe"},"content":{"rendered":"<p style=\"text-align: justify;\"><a href=\"http:\/\/www.ucse.edu.ar\/notiucse\/wp-content\/uploads\/2019\/10\/61.jpg\"><img fetchpriority=\"high\" decoding=\"async\" class=\"aligncenter size-full wp-image-4758\" src=\"http:\/\/www.ucse.edu.ar\/notiucse\/wp-content\/uploads\/2019\/10\/61.jpg\" alt=\"6\" width=\"1001\" height=\"667\" srcset=\"https:\/\/www.ucse.edu.ar\/notiucse\/wp-content\/uploads\/2019\/10\/61.jpg 1001w, https:\/\/www.ucse.edu.ar\/notiucse\/wp-content\/uploads\/2019\/10\/61-300x200.jpg 300w\" sizes=\"(max-width: 1001px) 100vw, 1001px\" \/><\/a><\/p>\n<p style=\"text-align: justify;\">Con m\u00e1s de 300 asistentes, los d\u00edas jueves 3 y viernes 4 de octubre se llev\u00f3 a cabo el VIII Congreso Provincial de Derecho Procesal Penal, actividad organizada por las siguientes instituciones y organismos: Servicio P\u00fablico Provincial de Defensa Penal; Centro de Capacitaci\u00f3n Judicial del Poder Judicial de la Provincia de Santa Fe; Ministerio P\u00fablico de la Acusaci\u00f3n; Colegio de Magistrados del Poder Judicial de la Provincia de Santa Fe; Colegio Abogados de la 5\u00ba Circunscripci\u00f3n Judicial -sede Rafaela-; y UCSE-DAR. \u00a0 Las actividades principales se llevaron a cabo en el Complejo Cultural del Viejo Mercado, mientras que los talleres tuvieron lugar tanto en el CCVM como en el auditorio del Colegio de Abogados local.\u00a0\u00a0En el acto de apertura hicieron uso de la palabra las principales autoridades de cada instituci\u00f3n u organismo co-organizador.\u00a0\u00a0Por la UCSE-DAR lo hizo el Director Abog. Edgardo Allochis.\u00a0\u00a0El Congreso se desarroll\u00f3 en funci\u00f3n de los siguientes ejes tem\u00e1ticos: G\u00e9nero y Proceso Penal (Tensiones entre derechos y garant\u00edas del imputado y derechos de la v\u00edctima en casos de violencia de g\u00e9nero); Derecho probatorio (Necesidad de establecer reglas de evidencia en la provincia\u00a0de Santa Fe. Problemas relacionados al uso de declaraciones previas. Discusiones en torno al est\u00e1ndar probatorio en casos de v\u00edctimas vulnerables); Derecho al recurso (Aplicaci\u00f3n del precedente Scalcione. Capacidad del tribunal revisor. Proyecciones en materia de competencia para la pr\u00f3rroga extraordinaria de medidas cautelares y Potestad recursiva del acusador ante la sentencia absolutoria); Etapa intermedia (Rol del juez y alcance del control jurisdiccional. Control de la acusaci\u00f3n. Alcances de los acuerdos probatorios); Determinaci\u00f3n y ejecuci\u00f3n de la pena (Consideraciones sobre la firmeza y ejecutoriedad del decisorio. Competencia Jurisdiccional y atribuciones de las partes. Audiencia de determinaci\u00f3n de pena); Violencia Institucional (L\u00edmites al ejercicio leg\u00edtimo del castigo y violencias invisibilizadas. Investigaci\u00f3n de los cometidos por la fuerza p\u00fablica y\u00a0vinculaci\u00f3n con delitos atribuidos a la v\u00edctima de violencia institucional); Procedimientos abreviados (Alcances del control jurisdiccional); Desaf\u00edos impostergables del sistema acusatorio (Juicio por jurados. Justicia penal juvenil-.Consolidaci\u00f3n de la justicia de convivencia) y Pol\u00edtica Criminal y Gesti\u00f3n Judicial (Problemas procesales relacionados a las investigaciones complejas. Aportes desde la gesti\u00f3n judicial para la consolidaci\u00f3n de la\u00a0\u00a0\u00a0reforma-Abordaje de las medidas de seguridad en el sistema acusatorio).\u00a0\u00a0Varios docentes y egresados de la UCSE-DAR participaron como disertantes, panelistas o moderadores, siendo tambi\u00e9n importante la asistencia de alumnos avanzados y egresados de la carrera de Abogac\u00eda.<\/p>\n","protected":false},"excerpt":{"rendered":"<p>Con m\u00e1s de 300 asistentes, los d\u00edas jueves 3 y viernes 4 de octubre se llev\u00f3 a cabo el VIII Congreso Provincial de Derecho Procesal Penal, actividad organizada por las siguientes instituciones y organismos: Servicio P\u00fablico Provincial de Defensa Penal; Centro de Capacitaci\u00f3n Judicial del Poder Judicial de la Provincia de Santa Fe; Ministerio P\u00fablico [&hellip;]<\/p>\n","protected":false},"author":1,"featured_media":4758,"comment_status":"closed","ping_status":"closed","sticky":false,"template":"","format":"standard","meta":{"_exactmetrics_skip_tracking":false,"_exactmetrics_sitenote_active":false,"_exactmetrics_sitenote_note":"","_exactmetrics_sitenote_category":0,"footnotes":""},"categories":[20],"tags":[],"_links":{"self":[{"href":"https:\/\/www.ucse.edu.ar\/notiucse\/wp-json\/wp\/v2\/posts\/4757"}],"collection":[{"href":"https:\/\/www.ucse.edu.ar\/notiucse\/wp-json\/wp\/v2\/posts"}],"about":[{"href":"https:\/\/www.ucse.edu.ar\/notiucse\/wp-json\/wp\/v2\/types\/post"}],"author":[{"embeddable":true,"href":"https:\/\/www.ucse.edu.ar\/notiucse\/wp-json\/wp\/v2\/users\/1"}],"replies":[{"embeddable":true,"href":"https:\/\/www.ucse.edu.ar\/notiucse\/wp-json\/wp\/v2\/comments?post=4757"}],"version-history":[{"count":1,"href":"https:\/\/www.ucse.edu.ar\/notiucse\/wp-json\/wp\/v2\/posts\/4757\/revisions"}],"predecessor-version":[{"id":4759,"href":"https:\/\/www.ucse.edu.ar\/notiucse\/wp-json\/wp\/v2\/posts\/4757\/revisions\/4759"}],"wp:featuredmedia":[{"embeddable":true,"href":"https:\/\/www.ucse.edu.ar\/notiucse\/wp-json\/wp\/v2\/media\/4758"}],"wp:attachment":[{"href":"https:\/\/www.ucse.edu.ar\/notiucse\/wp-json\/wp\/v2\/media?parent=4757"}],"wp:term":[{"taxonomy":"category","embeddable":true,"href":"https:\/\/www.ucse.edu.ar\/notiucse\/wp-json\/wp\/v2\/categories?post=4757"},{"taxonomy":"post_tag","embeddable":true,"href":"https:\/\/www.ucse.edu.ar\/notiucse\/wp-json\/wp\/v2\/tags?post=4757"}],"curies":[{"name":"wp","href":"https:\/\/api.w.org\/{rel}","templated":true}]}}