{"id":4763,"date":"2019-10-15T09:17:22","date_gmt":"2019-10-15T12:17:22","guid":{"rendered":"http:\/\/www.ucse.edu.ar\/notiucse\/?p=4763"},"modified":"2019-10-15T09:17:22","modified_gmt":"2019-10-15T12:17:22","slug":"jornada-sobre-psicodrama-grupal","status":"publish","type":"post","link":"https:\/\/www.ucse.edu.ar\/notiucse\/2019\/10\/15\/jornada-sobre-psicodrama-grupal\/","title":{"rendered":"Jornada sobre Psicodrama Grupal"},"content":{"rendered":"<p style=\"text-align: justify;\"><a href=\"http:\/\/www.ucse.edu.ar\/notiucse\/wp-content\/uploads\/2019\/10\/81.jpg\"><img fetchpriority=\"high\" decoding=\"async\" class=\"aligncenter size-full wp-image-4764\" src=\"http:\/\/www.ucse.edu.ar\/notiucse\/wp-content\/uploads\/2019\/10\/81.jpg\" alt=\"8\" width=\"1001\" height=\"667\" srcset=\"https:\/\/www.ucse.edu.ar\/notiucse\/wp-content\/uploads\/2019\/10\/81.jpg 1001w, https:\/\/www.ucse.edu.ar\/notiucse\/wp-content\/uploads\/2019\/10\/81-300x200.jpg 300w\" sizes=\"(max-width: 1001px) 100vw, 1001px\" \/><\/a><\/p>\n<p style=\"text-align: justify;\">Organizado por la direcci\u00f3n de la carrera de Psicolog\u00eda, el s\u00e1bado 5 de octubre de 8:30 a 16:00, se desarroll\u00f3 una Jornada sobre Psicodrama Grupal.\u00a0 La actividad estuvo a cargo de los Lic. Gustavo Kendelman y Pablo Ruocco, Psic\u00f3logos, psicodramatistas y coordinadores del Centro \u201cNodos Psicodrama y Grupos\u201d de la ciudad de Buenos Aires.\u00a0 Se abord\u00f3 el psicodrama como un procedimiento dram\u00e1tico que se aplica para la exploraci\u00f3n y elaboraci\u00f3n de diversas situaciones vinculares, que pueden implementarse en contextos grupales y bipersonales; y que cuenta con una serie de recursos te\u00f3ricos y t\u00e9cnicos espec\u00edficos y con una gran capacidad de movilizaci\u00f3n que, teniendo presentes ciertos recaudos metodol\u00f3gicos, puede producir y vehiculizar diversos procesos de cambios significativos, tanto dentro de la esfera intrasubjetiva como en el \u00e1mbito de lo intersubjetivo.\u00a0 La jornada estuvo destinada a estudiantes y profesionales del \u00e1rea de la salud: psic\u00f3logos, trabajadores sociales, psicopedagogos, acompa\u00f1antes terap\u00e9uticos, musicoterapeutas, psicomotricistas, terapistas ocupacionales y docentes de educaci\u00f3n especial.<\/p>\n","protected":false},"excerpt":{"rendered":"<p>Organizado por la direcci\u00f3n de la carrera de Psicolog\u00eda, el s\u00e1bado 5 de octubre de 8:30 a 16:00, se desarroll\u00f3 una Jornada sobre Psicodrama Grupal.\u00a0 La actividad estuvo a cargo de los Lic. Gustavo Kendelman y Pablo Ruocco, Psic\u00f3logos, psicodramatistas y coordinadores del Centro \u201cNodos Psicodrama y Grupos\u201d de la ciudad de Buenos Aires.\u00a0 Se [&hellip;]<\/p>\n","protected":false},"author":1,"featured_media":4764,"comment_status":"closed","ping_status":"closed","sticky":false,"template":"","format":"standard","meta":{"_exactmetrics_skip_tracking":false,"_exactmetrics_sitenote_active":false,"_exactmetrics_sitenote_note":"","_exactmetrics_sitenote_category":0,"footnotes":""},"categories":[20],"tags":[],"_links":{"self":[{"href":"https:\/\/www.ucse.edu.ar\/notiucse\/wp-json\/wp\/v2\/posts\/4763"}],"collection":[{"href":"https:\/\/www.ucse.edu.ar\/notiucse\/wp-json\/wp\/v2\/posts"}],"about":[{"href":"https:\/\/www.ucse.edu.ar\/notiucse\/wp-json\/wp\/v2\/types\/post"}],"author":[{"embeddable":true,"href":"https:\/\/www.ucse.edu.ar\/notiucse\/wp-json\/wp\/v2\/users\/1"}],"replies":[{"embeddable":true,"href":"https:\/\/www.ucse.edu.ar\/notiucse\/wp-json\/wp\/v2\/comments?post=4763"}],"version-history":[{"count":1,"href":"https:\/\/www.ucse.edu.ar\/notiucse\/wp-json\/wp\/v2\/posts\/4763\/revisions"}],"predecessor-version":[{"id":4765,"href":"https:\/\/www.ucse.edu.ar\/notiucse\/wp-json\/wp\/v2\/posts\/4763\/revisions\/4765"}],"wp:featuredmedia":[{"embeddable":true,"href":"https:\/\/www.ucse.edu.ar\/notiucse\/wp-json\/wp\/v2\/media\/4764"}],"wp:attachment":[{"href":"https:\/\/www.ucse.edu.ar\/notiucse\/wp-json\/wp\/v2\/media?parent=4763"}],"wp:term":[{"taxonomy":"category","embeddable":true,"href":"https:\/\/www.ucse.edu.ar\/notiucse\/wp-json\/wp\/v2\/categories?post=4763"},{"taxonomy":"post_tag","embeddable":true,"href":"https:\/\/www.ucse.edu.ar\/notiucse\/wp-json\/wp\/v2\/tags?post=4763"}],"curies":[{"name":"wp","href":"https:\/\/api.w.org\/{rel}","templated":true}]}}