{"id":4766,"date":"2019-10-15T09:17:11","date_gmt":"2019-10-15T12:17:11","guid":{"rendered":"http:\/\/www.ucse.edu.ar\/notiucse\/?p=4766"},"modified":"2019-10-15T12:07:09","modified_gmt":"2019-10-15T15:07:09","slug":"jornadas-informativas-de-carreras-ucse-te-muestra","status":"publish","type":"post","link":"https:\/\/www.ucse.edu.ar\/notiucse\/2019\/10\/15\/jornadas-informativas-de-carreras-ucse-te-muestra\/","title":{"rendered":"Jornadas Informativas de Carreras \u201cUCSE Te muestra\u201d"},"content":{"rendered":"<p><a href=\"http:\/\/www.ucse.edu.ar\/notiucse\/wp-content\/uploads\/2019\/10\/91.jpg\"><img fetchpriority=\"high\" decoding=\"async\" class=\"aligncenter size-full wp-image-4767\" src=\"http:\/\/www.ucse.edu.ar\/notiucse\/wp-content\/uploads\/2019\/10\/91.jpg\" alt=\"9\" width=\"1001\" height=\"667\" srcset=\"https:\/\/www.ucse.edu.ar\/notiucse\/wp-content\/uploads\/2019\/10\/91.jpg 1001w, https:\/\/www.ucse.edu.ar\/notiucse\/wp-content\/uploads\/2019\/10\/91-300x200.jpg 300w\" sizes=\"(max-width: 1001px) 100vw, 1001px\" \/><\/a><\/p>\n<p>Desde el martes 1\u00ba hasta el viernes 11 de octubre se desarroll\u00f3 una nueva edici\u00f3n de \u201cUCSE Te muestra\u201d, actividad destinada a dar a conocer la oferta educativa de la UCSE-DAR y especialmente destinada a alumnos de los \u00faltimos a\u00f1os de las escuelas secundarias de la ciudad y regi\u00f3n.\u00a0 Para cada carrera, un grupo encabezado por el Director de la misma y acompa\u00f1ado por docentes, egresados y alumnos, conversaron con los interesados sobre cuestiones vinculadas al plan de estudio, salida laboral, condiciones de cursado, contenidos, entre otras.<\/p>\n","protected":false},"excerpt":{"rendered":"<p>Desde el martes 1\u00ba hasta el viernes 11 de octubre se desarroll\u00f3 una nueva edici\u00f3n de \u201cUCSE Te muestra\u201d, actividad destinada a dar a conocer la oferta educativa de la UCSE-DAR y especialmente destinada a alumnos de los \u00faltimos a\u00f1os de las escuelas secundarias de la ciudad y regi\u00f3n.\u00a0 Para cada carrera, un grupo encabezado [&hellip;]<\/p>\n","protected":false},"author":1,"featured_media":4767,"comment_status":"closed","ping_status":"closed","sticky":false,"template":"","format":"standard","meta":{"_exactmetrics_skip_tracking":false,"_exactmetrics_sitenote_active":false,"_exactmetrics_sitenote_note":"","_exactmetrics_sitenote_category":0,"footnotes":""},"categories":[20],"tags":[],"_links":{"self":[{"href":"https:\/\/www.ucse.edu.ar\/notiucse\/wp-json\/wp\/v2\/posts\/4766"}],"collection":[{"href":"https:\/\/www.ucse.edu.ar\/notiucse\/wp-json\/wp\/v2\/posts"}],"about":[{"href":"https:\/\/www.ucse.edu.ar\/notiucse\/wp-json\/wp\/v2\/types\/post"}],"author":[{"embeddable":true,"href":"https:\/\/www.ucse.edu.ar\/notiucse\/wp-json\/wp\/v2\/users\/1"}],"replies":[{"embeddable":true,"href":"https:\/\/www.ucse.edu.ar\/notiucse\/wp-json\/wp\/v2\/comments?post=4766"}],"version-history":[{"count":1,"href":"https:\/\/www.ucse.edu.ar\/notiucse\/wp-json\/wp\/v2\/posts\/4766\/revisions"}],"predecessor-version":[{"id":4768,"href":"https:\/\/www.ucse.edu.ar\/notiucse\/wp-json\/wp\/v2\/posts\/4766\/revisions\/4768"}],"wp:featuredmedia":[{"embeddable":true,"href":"https:\/\/www.ucse.edu.ar\/notiucse\/wp-json\/wp\/v2\/media\/4767"}],"wp:attachment":[{"href":"https:\/\/www.ucse.edu.ar\/notiucse\/wp-json\/wp\/v2\/media?parent=4766"}],"wp:term":[{"taxonomy":"category","embeddable":true,"href":"https:\/\/www.ucse.edu.ar\/notiucse\/wp-json\/wp\/v2\/categories?post=4766"},{"taxonomy":"post_tag","embeddable":true,"href":"https:\/\/www.ucse.edu.ar\/notiucse\/wp-json\/wp\/v2\/tags?post=4766"}],"curies":[{"name":"wp","href":"https:\/\/api.w.org\/{rel}","templated":true}]}}