{"id":4784,"date":"2019-10-21T17:12:12","date_gmt":"2019-10-21T20:12:12","guid":{"rendered":"http:\/\/www.ucse.edu.ar\/notiucse\/?p=4784"},"modified":"2020-07-23T11:47:37","modified_gmt":"2020-07-23T14:47:37","slug":"jornadas-de-argumentacion","status":"publish","type":"post","link":"https:\/\/www.ucse.edu.ar\/notiucse\/2019\/10\/21\/jornadas-de-argumentacion\/","title":{"rendered":"JORNADAS DE ARGUMENTACI\u00d3N"},"content":{"rendered":"<p style=\"text-align: justify;\"><a href=\"http:\/\/www.ucse.edu.ar\/notiucse\/wp-content\/uploads\/2019\/10\/32.jpg\"><img fetchpriority=\"high\" decoding=\"async\" class=\"aligncenter size-full wp-image-4785\" src=\"http:\/\/www.ucse.edu.ar\/notiucse\/wp-content\/uploads\/2019\/10\/32.jpg\" alt=\"3\" width=\"1001\" height=\"667\" srcset=\"https:\/\/www.ucse.edu.ar\/notiucse\/wp-content\/uploads\/2019\/10\/32.jpg 1001w, https:\/\/www.ucse.edu.ar\/notiucse\/wp-content\/uploads\/2019\/10\/32-300x200.jpg 300w\" sizes=\"(max-width: 1001px) 100vw, 1001px\" \/><\/a><\/p>\n<p style=\"text-align: justify;\"><span lang=\"es\">Destinadas a estudiantes avanzados, profesionales y miembros del Poder Judicial, el mi\u00e9rcoles 9 de octubre dieron inicio las Jornadas de Argumentaci\u00f3n, actividad organizada en forma conjunta por el Colegio de Abogados de la V Circunscripci\u00f3n Judicial con sede en Rafaela; el Colegio de Magistrados y Funcionarios del Poder Judicial de la Pcia. de Santa Fe; el Sindicato de Trabajadores Judiciales; el Instituto de Capacitaci\u00f3n de la Defensa P\u00fablica de la Pcia. de Sta.Fe; el C.E.P. Rafaela y la UCSE-DAR.\u00a0\u00a0En la primera jornada el tema abordado fue \u201cIntroducci\u00f3n a la Argumentaci\u00f3n\u201d, a cargo del Dr. Mario Chaumet; y \u201cArgumentaci\u00f3n y Hechos\u201d, a cargo de Andrea Meroi.\u00a0\u00a0La actividad tendr\u00e1 continuidad el 23 de octubre con la clase a cargo del Dr. Eduardo Sodero quien se referir\u00e1 a \u201cAutoridades del derecho y precedentes judiciales\u201d, y finalizar\u00e1 el 28 de noviembre con la exposici\u00f3n a cargo del Dr. Rodolfo Vigo sobre \u201cProblemas actuales de la argumentaci\u00f3n jur\u00eddica\u201d.\u00a0<\/span><\/p>\n<p style=\"text-align: justify;\"><span lang=\"es\">Las jornadas se realizan en el SUM del Colegio de Abogados y en el auditorio de la UCSE DAR.<\/span><\/p>\n","protected":false},"excerpt":{"rendered":"<p>Destinadas a estudiantes avanzados, profesionales y miembros del Poder Judicial, el mi\u00e9rcoles 9 de octubre dieron inicio las Jornadas de Argumentaci\u00f3n, actividad organizada en forma conjunta por el Colegio de Abogados de la V Circunscripci\u00f3n Judicial con sede en Rafaela; el Colegio de Magistrados y Funcionarios del Poder Judicial de la Pcia. de Santa Fe; [&hellip;]<\/p>\n","protected":false},"author":1,"featured_media":4785,"comment_status":"closed","ping_status":"closed","sticky":false,"template":"","format":"standard","meta":{"_exactmetrics_skip_tracking":false,"_exactmetrics_sitenote_active":false,"_exactmetrics_sitenote_note":"","_exactmetrics_sitenote_category":0,"footnotes":""},"categories":[20],"tags":[],"_links":{"self":[{"href":"https:\/\/www.ucse.edu.ar\/notiucse\/wp-json\/wp\/v2\/posts\/4784"}],"collection":[{"href":"https:\/\/www.ucse.edu.ar\/notiucse\/wp-json\/wp\/v2\/posts"}],"about":[{"href":"https:\/\/www.ucse.edu.ar\/notiucse\/wp-json\/wp\/v2\/types\/post"}],"author":[{"embeddable":true,"href":"https:\/\/www.ucse.edu.ar\/notiucse\/wp-json\/wp\/v2\/users\/1"}],"replies":[{"embeddable":true,"href":"https:\/\/www.ucse.edu.ar\/notiucse\/wp-json\/wp\/v2\/comments?post=4784"}],"version-history":[{"count":3,"href":"https:\/\/www.ucse.edu.ar\/notiucse\/wp-json\/wp\/v2\/posts\/4784\/revisions"}],"predecessor-version":[{"id":4886,"href":"https:\/\/www.ucse.edu.ar\/notiucse\/wp-json\/wp\/v2\/posts\/4784\/revisions\/4886"}],"wp:featuredmedia":[{"embeddable":true,"href":"https:\/\/www.ucse.edu.ar\/notiucse\/wp-json\/wp\/v2\/media\/4785"}],"wp:attachment":[{"href":"https:\/\/www.ucse.edu.ar\/notiucse\/wp-json\/wp\/v2\/media?parent=4784"}],"wp:term":[{"taxonomy":"category","embeddable":true,"href":"https:\/\/www.ucse.edu.ar\/notiucse\/wp-json\/wp\/v2\/categories?post=4784"},{"taxonomy":"post_tag","embeddable":true,"href":"https:\/\/www.ucse.edu.ar\/notiucse\/wp-json\/wp\/v2\/tags?post=4784"}],"curies":[{"name":"wp","href":"https:\/\/api.w.org\/{rel}","templated":true}]}}