{"id":4799,"date":"2019-10-21T18:22:05","date_gmt":"2019-10-21T21:22:05","guid":{"rendered":"http:\/\/www.ucse.edu.ar\/notiucse\/?p=4799"},"modified":"2020-07-23T11:47:19","modified_gmt":"2020-07-23T14:47:19","slug":"taller-practico-profesional-para-jovenes-abogados","status":"publish","type":"post","link":"https:\/\/www.ucse.edu.ar\/notiucse\/2019\/10\/21\/taller-practico-profesional-para-jovenes-abogados\/","title":{"rendered":"TALLER PR\u00c1CTICO PROFESIONAL PARA J\u00d3VENES ABOGADOS"},"content":{"rendered":"<p style=\"text-align: justify;\"><img fetchpriority=\"high\" decoding=\"async\" class=\"aligncenter size-full wp-image-4800\" src=\"http:\/\/www.ucse.edu.ar\/notiucse\/wp-content\/uploads\/2019\/10\/82.jpg\" alt=\"8\" width=\"1001\" height=\"667\" srcset=\"https:\/\/www.ucse.edu.ar\/notiucse\/wp-content\/uploads\/2019\/10\/82.jpg 1001w, https:\/\/www.ucse.edu.ar\/notiucse\/wp-content\/uploads\/2019\/10\/82-300x200.jpg 300w\" sizes=\"(max-width: 1001px) 100vw, 1001px\" \/><\/p>\n<p style=\"text-align: justify;\">La Comisi\u00f3n de J\u00f3venes Abogados del Colegio de Abogados de la V Circunscripci\u00f3n Judicial con sede en Rafaela y la UCSE-DAR co-organizan este taller destinado a la capacitaci\u00f3n pr\u00e1ctica profesional de los j\u00f3venes abogados.\u00a0\u00a0La actividad dio inicio el martes 8 de octubre con la clase a cargo de las abogadas Noelia Castillo (egresada y docente de la UCSE) y M\u00f3nica Galanti (del Instituto de mediaci\u00f3n del Colegio de Abogados), quienes abordar\u00e1n el tema \u201cCuestiones pr\u00e1cticas y principios generales del procedimiento de la mediaci\u00f3n- El rol del abogado patrocinante\u201d.\u00a0\u00a0Luego tendr\u00e1 continuidad con 4 encuentros, a realizarse en el SUM del Colegio de Abogados, en las fechas, con los temas y expositores que a continuaci\u00f3n se indican: martes 15 de octubre: \u201cT\u00edtulos ejecutivos, Juicio Ejecutivo y Juicio de Desalojo\u201d, a cargo de los abogados Juan Carlos Marchese (Juez de Circuito de San Vicente), Diego Genesio (Juez de Circuito de Rafaela) y Jos\u00e9 Pastore (Juez de Circuito de Sunchales y docente de la UCSE); martes 5 de noviembre: \u201cAspectos pr\u00e1cticos de la reforma al C\u00f3digo Procesal Laboral\u201d, a cargo de los abogados Edgardo Allochis (docente UCSE y Director del Instituto de Derecho Laboral del Colegio de Abogados) y Mauro Dominino (egresado y docente UCSE); martes 19 de noviembre: \u201cSucesiones: inicio del proceso-medidas cautelares\u201d, a cargo de los Abog. Mar\u00eda Jes\u00fas Vigarra (egresada y docente UCSE) y Nicol\u00e1s Pasero; y martes 3 de diciembre: \u201cProceso de familia: cuestiones pr\u00e1cticas. Violencia. Compensaci\u00f3n econ\u00f3mica\u201d, a cargo de las Abog. Daniela Piazzo (Secretaria del Juzgado de Familia de Rafaela) y Gabriela Capponi Fiorillo (egresada y docente UCSE).<\/p>\n","protected":false},"excerpt":{"rendered":"<p>La Comisi\u00f3n de J\u00f3venes Abogados del Colegio de Abogados de la V Circunscripci\u00f3n Judicial con sede en Rafaela y la UCSE-DAR co-organizan este taller destinado a la capacitaci\u00f3n pr\u00e1ctica profesional de los j\u00f3venes abogados.\u00a0\u00a0La actividad dio inicio el martes 8 de octubre con la clase a cargo de las abogadas Noelia Castillo (egresada y docente [&hellip;]<\/p>\n","protected":false},"author":1,"featured_media":4800,"comment_status":"closed","ping_status":"closed","sticky":false,"template":"","format":"standard","meta":{"_exactmetrics_skip_tracking":false,"_exactmetrics_sitenote_active":false,"_exactmetrics_sitenote_note":"","_exactmetrics_sitenote_category":0,"footnotes":""},"categories":[20],"tags":[],"_links":{"self":[{"href":"https:\/\/www.ucse.edu.ar\/notiucse\/wp-json\/wp\/v2\/posts\/4799"}],"collection":[{"href":"https:\/\/www.ucse.edu.ar\/notiucse\/wp-json\/wp\/v2\/posts"}],"about":[{"href":"https:\/\/www.ucse.edu.ar\/notiucse\/wp-json\/wp\/v2\/types\/post"}],"author":[{"embeddable":true,"href":"https:\/\/www.ucse.edu.ar\/notiucse\/wp-json\/wp\/v2\/users\/1"}],"replies":[{"embeddable":true,"href":"https:\/\/www.ucse.edu.ar\/notiucse\/wp-json\/wp\/v2\/comments?post=4799"}],"version-history":[{"count":3,"href":"https:\/\/www.ucse.edu.ar\/notiucse\/wp-json\/wp\/v2\/posts\/4799\/revisions"}],"predecessor-version":[{"id":4884,"href":"https:\/\/www.ucse.edu.ar\/notiucse\/wp-json\/wp\/v2\/posts\/4799\/revisions\/4884"}],"wp:featuredmedia":[{"embeddable":true,"href":"https:\/\/www.ucse.edu.ar\/notiucse\/wp-json\/wp\/v2\/media\/4800"}],"wp:attachment":[{"href":"https:\/\/www.ucse.edu.ar\/notiucse\/wp-json\/wp\/v2\/media?parent=4799"}],"wp:term":[{"taxonomy":"category","embeddable":true,"href":"https:\/\/www.ucse.edu.ar\/notiucse\/wp-json\/wp\/v2\/categories?post=4799"},{"taxonomy":"post_tag","embeddable":true,"href":"https:\/\/www.ucse.edu.ar\/notiucse\/wp-json\/wp\/v2\/tags?post=4799"}],"curies":[{"name":"wp","href":"https:\/\/api.w.org\/{rel}","templated":true}]}}