{"id":4924,"date":"2020-08-12T11:10:38","date_gmt":"2020-08-12T14:10:38","guid":{"rendered":"http:\/\/www.ucse.edu.ar\/notiucse\/?p=4924"},"modified":"2020-08-12T11:13:25","modified_gmt":"2020-08-12T14:13:25","slug":"revista-nuevas-propuestas-lanza-convocatoria-abierta","status":"publish","type":"post","link":"https:\/\/www.ucse.edu.ar\/notiucse\/2020\/08\/12\/revista-nuevas-propuestas-lanza-convocatoria-abierta\/","title":{"rendered":"Revista Nuevas Propuestas lanza convocatoria abierta"},"content":{"rendered":"<p style=\"text-align: justify;\"><img fetchpriority=\"high\" decoding=\"async\" class=\"aligncenter size-large wp-image-4929\" src=\"http:\/\/www.ucse.edu.ar\/notiucse\/wp-content\/uploads\/2020\/08\/WhatsApp-Image-2020-08-12-at-09.28.20-1024x1024.jpeg\" alt=\"WhatsApp Image 2020-08-12 at 09.28.20\" width=\"620\" height=\"620\" srcset=\"https:\/\/www.ucse.edu.ar\/notiucse\/wp-content\/uploads\/2020\/08\/WhatsApp-Image-2020-08-12-at-09.28.20-1024x1024.jpeg 1024w, https:\/\/www.ucse.edu.ar\/notiucse\/wp-content\/uploads\/2020\/08\/WhatsApp-Image-2020-08-12-at-09.28.20-150x150.jpeg 150w, https:\/\/www.ucse.edu.ar\/notiucse\/wp-content\/uploads\/2020\/08\/WhatsApp-Image-2020-08-12-at-09.28.20-300x300.jpeg 300w, https:\/\/www.ucse.edu.ar\/notiucse\/wp-content\/uploads\/2020\/08\/WhatsApp-Image-2020-08-12-at-09.28.20-70x70.jpeg 70w, https:\/\/www.ucse.edu.ar\/notiucse\/wp-content\/uploads\/2020\/08\/WhatsApp-Image-2020-08-12-at-09.28.20-250x250.jpeg 250w, https:\/\/www.ucse.edu.ar\/notiucse\/wp-content\/uploads\/2020\/08\/WhatsApp-Image-2020-08-12-at-09.28.20.jpeg 1086w\" sizes=\"(max-width: 620px) 100vw, 620px\" \/>Dentro del universo de implicancias de esta pandemia por la que estamos transitando, intentamos que la vida universitaria desplegada en sus distintos espacios de producci\u00f3n y comunicaci\u00f3n, nunca dejen de permanecer en la vida acad\u00e9mico \u2013 social, de la que son parte.<\/p>\n<p style=\"text-align: justify;\">Este n\u00famero tem\u00e1tico espec\u00edfico de la revista Nuevas Propuestas pretende convocar y acercar a autores que piensen, analicen y reflexionen desde distintos lugares, los impactos posibles de esta pandemia en y sobre los pretextos y contextos de nuestra vida comunitario &#8211; social. De alguna manera es llevar cercan\u00eda a trav\u00e9s del conocimiento oportuno. Ojal\u00e1 este esfuerzo editor-editorial de Ediciones UCSE, coopere en sentido contrario a la restricci\u00f3n f\u00edsico-social que conlleva esta pandemia, alentando el pensar y reflexionar cr\u00edticos, como otra alternativa \u201cliberadora\u201d a nuestro alcance y ejercicio concreto, de la responsabilidad social universitaria.<\/p>\n<p><a href=\"http:\/\/www.ucse.edu.ar\/notiucse\/wp-content\/uploads\/2020\/08\/Convocatoria-Nuevas-propuestas-curvas.pdf\" target=\"_blank\"><img decoding=\"async\" class=\"aligncenter\" src=\"http:\/\/www.ucse.edu.ar\/notiucse\/wp-content\/uploads\/2018\/03\/botondescarga.png\" alt=\"\" width=\"125\" height=\"45\" \/><\/a><\/p>\n","protected":false},"excerpt":{"rendered":"<p>Dentro del universo de implicancias de esta pandemia por la que estamos transitando, intentamos que la vida universitaria desplegada en sus distintos espacios de producci\u00f3n y comunicaci\u00f3n, nunca dejen de permanecer en la vida acad\u00e9mico \u2013 social, de la que son parte. Este n\u00famero tem\u00e1tico espec\u00edfico de la revista Nuevas Propuestas pretende convocar y acercar [&hellip;]<\/p>\n","protected":false},"author":1,"featured_media":4928,"comment_status":"closed","ping_status":"closed","sticky":false,"template":"","format":"standard","meta":{"_exactmetrics_skip_tracking":false,"_exactmetrics_sitenote_active":false,"_exactmetrics_sitenote_note":"","_exactmetrics_sitenote_category":0,"footnotes":""},"categories":[73],"tags":[],"_links":{"self":[{"href":"https:\/\/www.ucse.edu.ar\/notiucse\/wp-json\/wp\/v2\/posts\/4924"}],"collection":[{"href":"https:\/\/www.ucse.edu.ar\/notiucse\/wp-json\/wp\/v2\/posts"}],"about":[{"href":"https:\/\/www.ucse.edu.ar\/notiucse\/wp-json\/wp\/v2\/types\/post"}],"author":[{"embeddable":true,"href":"https:\/\/www.ucse.edu.ar\/notiucse\/wp-json\/wp\/v2\/users\/1"}],"replies":[{"embeddable":true,"href":"https:\/\/www.ucse.edu.ar\/notiucse\/wp-json\/wp\/v2\/comments?post=4924"}],"version-history":[{"count":4,"href":"https:\/\/www.ucse.edu.ar\/notiucse\/wp-json\/wp\/v2\/posts\/4924\/revisions"}],"predecessor-version":[{"id":4931,"href":"https:\/\/www.ucse.edu.ar\/notiucse\/wp-json\/wp\/v2\/posts\/4924\/revisions\/4931"}],"wp:featuredmedia":[{"embeddable":true,"href":"https:\/\/www.ucse.edu.ar\/notiucse\/wp-json\/wp\/v2\/media\/4928"}],"wp:attachment":[{"href":"https:\/\/www.ucse.edu.ar\/notiucse\/wp-json\/wp\/v2\/media?parent=4924"}],"wp:term":[{"taxonomy":"category","embeddable":true,"href":"https:\/\/www.ucse.edu.ar\/notiucse\/wp-json\/wp\/v2\/categories?post=4924"},{"taxonomy":"post_tag","embeddable":true,"href":"https:\/\/www.ucse.edu.ar\/notiucse\/wp-json\/wp\/v2\/tags?post=4924"}],"curies":[{"name":"wp","href":"https:\/\/api.w.org\/{rel}","templated":true}]}}